{"id":69214,"date":"2026-01-30T11:06:01","date_gmt":"2026-01-30T10:06:01","guid":{"rendered":"https:\/\/espanoleschool.com\/espagnol-professionnels-sante\/"},"modified":"2026-02-04T10:52:58","modified_gmt":"2026-02-04T09:52:58","slug":"espagnol-professionnels-sante","status":"publish","type":"post","link":"https:\/\/espanoleschool.com\/fr\/espagnol-professionnels-sante\/","title":{"rendered":"Espagnol pour les professionnels de sant\u00e9: am\u00e9liorez vos comp\u00e9tences de communication m\u00e9dicale"},"content":{"rendered":"\n<p>Une communication claire est essentielle dans le domaine de la sant\u00e9. Lorsque la langue devient un obstacle, la s\u00e9curit\u00e9 des patients, la confiance et les r\u00e9sultats des soins peuvent \u00eatre affect\u00e9s. C\u2019est pourquoi <strong>apprendre l\u2019espagnol dans un contexte m\u00e9dical <\/strong>est devenu de plus en plus important pour les m\u00e9decins, infirmiers, cliniciens et personnels hospitaliers travaillant avec des patients hispanophones.  <\/p>\n\n\n\n<p>L\u2019espagnol dans le secteur de la sant\u00e9 ne consiste plus \u00e0 m\u00e9moriser des listes de vocabulaire. Il s\u2019agit d\u2019utiliser la langue avec assurance dans des situations r\u00e9elles: poser les bonnes questions, expliquer des proc\u00e9dures et accompagner les patients tout au long de leur parcours de soins. <\/p>\n\n\n\n<h2 class=\"wp-block-heading\">L\u2019espagnol dans le secteur de la sant\u00e9, dans des contextes m\u00e9dicaux r\u00e9els<\/h2>\n\n\n\n<p>Apprendre l\u2019espagnol \u00e0 travers des programmes officiels et structur\u00e9s, incluant des ressources de l\u2019<a href=\"https:\/\/cervantes.org\/\" target=\"_blank\" rel=\"noopener\">Instituto Cervantes<\/a> ou des <a href=\"https:\/\/ave.cervantes.es\/\" target=\"_blank\" rel=\"noopener\">cours en ligne AVE<\/a>, garantit un enseignement de qualit\u00e9 align\u00e9 sur les standards internationaux.<\/p>\n\n\n\n<p>\u00catre capable de comprendre et d\u2019utiliser la terminologie m\u00e9dicale en espagnol permet aux professionnels de sant\u00e9 de:<\/p>\n\n\n\n<ul class=\"wp-block-list\">\n<li><strong>Communiquer clairement <\/strong>avec des patients hispanophones.<\/li>\n\n\n\n<li><strong>\u00c9viter<\/strong> les malentendus dans les consignes m\u00e9dicales ou les prescriptions.<\/li>\n\n\n\n<li><strong>Am\u00e9liorer la satisfaction<\/strong> des patients et les r\u00e9sultats de sant\u00e9.<\/li>\n\n\n\n<li><strong>V\u00e9rifier la compr\u00e9hension et r\u00e9pondre aux questions.<\/strong><\/li>\n<\/ul>\n\n\n\n<p>De nombreux h\u00f4pitaux et cliniques encouragent d\u00e9sormais leur personnel \u00e0 s\u2019inscrire \u00e0 des<strong> cours d\u2019espagnol pour les professionnels de sant\u00e9<\/strong>, sp\u00e9cialement con\u00e7us pour des environnements m\u00e9dicaux r\u00e9els.<a href=\"https:\/\/espanoleschool.com\/fr\/contact\/\"><\/a><\/p>\n\n\n<div class=\"wp-block-image\">\n<figure class=\"aligncenter size-full\"><img decoding=\"async\" width=\"800\" height=\"400\" src=\"https:\/\/espanoleschool.com\/escuela\/wp-content\/uploads\/2025\/09\/ES-CTAs-Contacto-800x400px-WEB-20.jpg\" alt=\"\" class=\"wp-image-66505\" srcset=\"https:\/\/espanoleschool.com\/escuela\/wp-content\/uploads\/2025\/09\/ES-CTAs-Contacto-800x400px-WEB-20.jpg 800w, https:\/\/espanoleschool.com\/escuela\/wp-content\/uploads\/2025\/09\/ES-CTAs-Contacto-800x400px-WEB-20-300x150.jpg 300w, https:\/\/espanoleschool.com\/escuela\/wp-content\/uploads\/2025\/09\/ES-CTAs-Contacto-800x400px-WEB-20-768x384.jpg 768w, https:\/\/espanoleschool.com\/escuela\/wp-content\/uploads\/2025\/09\/ES-CTAs-Contacto-800x400px-WEB-20-655x328.jpg 655w\" sizes=\"(max-width: 800px) 100vw, 800px\" \/><\/figure><\/div>\n\n\n<h2 class=\"wp-block-heading\">Espagnol conversationnel pour les professionnels de sant\u00e9<\/h2>\n\n\n\n<p>Si la terminologie m\u00e9dicale est importante, l\u2019espagnol conversationnel pour les professionnels de sant\u00e9 aide \u00e0 instaurer la confiance et \u00e0 cr\u00e9er une relation de proximit\u00e9.<\/p>\n\n\n\n<p>Des phrases du quotidien peuvent faire une \u00e9norme diff\u00e9rence. Par exemple: <\/p>\n\n\n\n<ul class=\"wp-block-list\">\n<li><strong>Saluer les patients et expliquer les proc\u00e9dures:<\/strong>\n<ul class=\"wp-block-list\">\n<li>\u00abHola, soy su enfermero\/a. Hoy vamos a revisar su presi\u00f3n arterial.\u00bb \u2013 <em>Bonjour, je suis votre infirmier\/\u00e8re. Aujourd\u2019hui, nous allons v\u00e9rifier votre tension art\u00e9rielle. <\/em><\/li>\n<\/ul>\n<\/li>\n\n\n\n<li><strong>Poser des questions sur les sympt\u00f4mes de mani\u00e8re naturelle:<\/strong>\n<ul class=\"wp-block-list\">\n<li>\u00ab\u00bfPuede describir c\u00f3mo se siente hoy?\u00bb \u2013 <em>Pouvez-vous d\u00e9crire comment vous vous sentez aujourd\u2019hui?<\/em><\/li>\n<\/ul>\n<\/li>\n\n\n\n<li><strong>Donner des instructions pour la prise de m\u00e9dicaments:<\/strong>\n<ul class=\"wp-block-list\">\n<li>\u00abTome esta pastilla dos veces al d\u00eda con comida.\u00bb \u2013 <em>Prenez ce comprim\u00e9 deux fois par jour avec de la nourriture.<\/em><\/li>\n<\/ul>\n<\/li>\n<\/ul>\n\n\n\n<p>Ces comp\u00e9tences conversationnelles compl\u00e8tent les connaissances techniques acquises dans des cours d\u2019espagnol pour m\u00e9decins ou des programmes d\u2019espagnol pour les professionnels de la sant\u00e9 mentale.<\/p>\n\n\n\n<h2 class=\"wp-block-heading\">Espagnol pour les m\u00e9decins: applications pratiques<\/h2>\n\n\n\n<p>Les <strong>m\u00e9decins <\/strong>b\u00e9n\u00e9ficient de cours ax\u00e9s sur des situations pratiques telles que:<\/p>\n\n\n\n<ul class=\"wp-block-list\">\n<li>Recueillir les ant\u00e9c\u00e9dents m\u00e9dicaux et r\u00e9aliser des examens physiques<\/li>\n\n\n\n<li>Expliquer les diagnostics et les plans de traitement<\/li>\n\n\n\n<li>G\u00e9rer les situations d\u2019urgence avec assurance<\/li>\n<\/ul>\n\n\n\n<p>Phrases utiles:<\/p>\n\n\n\n<figure class=\"wp-block-table has-small-font-size\"><table data-mtr-unique-id=\"e6383b0f669d9ae3e6a27a08e99a65a8-1\" class=\"has-fixed-layout\"><tbody><tr><td><strong>Necesito revisar sus antecedentes m\u00e9dicos.<\/strong><\/td><td>J\u2019ai besoin de consulter vos ant\u00e9c\u00e9dents m\u00e9dicaux.<\/td><\/tr><tr><td><strong>\u00bfTiene alergias a alg\u00fan medicamento?<\/strong><\/td><td>Avez-vous des allergies \u00e0 certains m\u00e9dicaments?<\/td><\/tr><tr><td><strong>Debe tomar este medicamento tres veces al d\u00eda.<\/strong><\/td><td>Vous devez prendre ce m\u00e9dicament trois fois par jour.<\/td><\/tr><\/tbody><\/table><\/figure>\n\n\n\n<h2 class=\"wp-block-heading\">Espagnol pour les infirmiers et le personnel m\u00e9dical<\/h2>\n\n\n\n<p>Pour les infirmiers, l\u2019<strong>espagnol pour les soins infirmiers <\/strong>est essentiel pour la prise en charge des patients, la tenue pr\u00e9cise des dossiers et une communication efficace avec les m\u00e9decins et les familles.<\/p>\n\n\n\n<p>Les options incluent:<\/p>\n\n\n\n<ul class=\"wp-block-list\">\n<li><strong>Des cours d\u2019espagnol <\/strong>pour infirmiers ou des<strong> programmes d\u2019espagnol m\u00e9dical pour infirmiers<\/strong><\/li>\n\n\n\n<li>La r\u00e9daction pr\u00e9cise des dossiers des patients<\/li>\n\n\n\n<li>La r\u00e9daction d\u2019instructions de sortie claires<\/li>\n\n\n\n<li>L\u2019explication des horaires de prise de m\u00e9dicaments sans confusion<\/li>\n<\/ul>\n\n\n\n<p>Phrases cl\u00e9s pour les infirmiers:<\/p>\n\n\n\n<figure class=\"wp-block-table has-small-font-size\"><table data-mtr-unique-id=\"e6383b0f669d9ae3e6a27a08e99a65a8-2\" class=\"has-fixed-layout\"><tbody><tr><td><strong>Voy a tomar su temperatura.<\/strong><\/td><td>Je vais prendre votre temp\u00e9rature.<\/td><\/tr><tr><td><strong>\u00bfD\u00f3nde siente dolor?<\/strong><\/td><td>O\u00f9 ressentez-vous une douleur?<\/td><\/tr><tr><td><strong>Necesito verificar sus signos vitales.<\/strong><\/td><td>J\u2019ai besoin de v\u00e9rifier vos signes vitaux.<\/td><\/tr><\/tbody><\/table><\/figure>\n\n\n\n<h2 class=\"wp-block-heading\">Termes espagnols pour les professionnels de la sant\u00e9 mentale<\/h2>\n\n\n\n<p>Les professionnels de la sant\u00e9 mentale sont confront\u00e9s \u00e0 des d\u00e9fis particuliers en mati\u00e8re de communication. L\u2019apprentissage de la terminologie espagnole est essentiel pour des \u00e9valuations pr\u00e9cises, des s\u00e9ances de th\u00e9rapie efficaces et la s\u00e9curit\u00e9 des patients. <\/p>\n\n\n\n<p>Termes cl\u00e9s:<\/p>\n\n\n\n<figure class=\"wp-block-table has-small-font-size\"><table data-mtr-unique-id=\"e6383b0f669d9ae3e6a27a08e99a65a8-3\" class=\"has-fixed-layout\"><tbody><tr><td><strong>Ansiedad<\/strong><\/td><td>Anxi\u00e9t\u00e9<\/td><\/tr><tr><td><strong>Depresi\u00f3n<\/strong><\/td><td>D\u00e9pression<\/td><\/tr><tr><td><strong>Trastorno de estr\u00e9s postraum\u00e1tico (TEPT)<\/strong><\/td><td>Trouble de stress post-traumatique (TSPT)<\/td><\/tr><tr><td><strong>Th\u00e9rapie cognitivo-comportementale<\/strong><\/td><td>M\u00eame de l\u00e9g\u00e8res diff\u00e9rences de langage peuvent avoir un impact sur la compr\u00e9hension des patients, d\u2019o\u00f9 l\u2019importance de ma\u00eetriser ces termes.<\/td><\/tr><\/tbody><\/table><\/figure>\n\n\n\n<p>M\u00eame de l\u00e9g\u00e8res diff\u00e9rences de langage peuvent avoir un impact sur la compr\u00e9hension des patients, d\u2019o\u00f9 l\u2019importance de ma\u00eetriser ces termes.<\/p>\n\n\n\n<h2 class=\"wp-block-heading\">Espagnol pour les prestataires et travailleurs de la sant\u00e9<\/h2>\n\n\n\n<p>Au-del\u00e0 des m\u00e9decins et des infirmiers, l\u2019ensemble du personnel de sant\u00e9, des assistants m\u00e9dicaux aux \u00e9quipes administratives, peut am\u00e9liorer la qualit\u00e9 des soins gr\u00e2ce \u00e0 l\u2019espagnol pour les travailleurs de la sant\u00e9.<\/p>\n\n\n\n<p>Les cours destin\u00e9s aux prestataires de soins incluent souvent:<\/p>\n\n\n\n<ul class=\"wp-block-list\">\n<li><strong>Des cours d\u2019espagnol pour les professionnels de sant\u00e9<\/strong><\/li>\n\n\n\n<li>Des ateliers pratiques et des modules interactifs<\/li>\n\n\n\n<li><a href=\"https:\/\/espanoleschool.com\/fr\/cours-intensif25\/\">Des formations sp\u00e9cialis\u00e9es<\/a> couvrant la communication m\u00e9dicale et professionnelle, comme le module Salud y negocios chez Espa\u00f1ol\u00e9.<\/li>\n<\/ul>\n\n\n\n<h3 class=\"wp-block-heading\">Qui b\u00e9n\u00e9ficie d\u2019une formation en espagnol m\u00e9dical?<\/h3>\n\n\n\n<figure class=\"wp-block-table has-small-font-size\"><table data-mtr-unique-id=\"e6383b0f669d9ae3e6a27a08e99a65a8-4\" class=\"has-fixed-layout mtr-table mtr-tr-td\"><tbody><tr><td data-mtr-content=\"R\u00f4le\" class=\"mtr-td-tag\"><div class=\"mtr-cell-content\"><strong>R\u00f4le<\/strong><\/div><\/td><td data-mtr-content=\"Sp\u00e9cialisation en espagnol\" class=\"mtr-td-tag\"><div class=\"mtr-cell-content\"><strong>Sp\u00e9cialisation en espagnol<\/strong><\/div><\/td><td data-mtr-content=\"Application pratique\" class=\"mtr-td-tag\"><div class=\"mtr-cell-content\"><strong>Application pratique<\/strong><\/div><\/td><\/tr><tr><td data-mtr-content=\"R\u00f4le\" class=\"mtr-td-tag\"><div class=\"mtr-cell-content\"><strong>M\u00e9decins<br><\/strong><\/div><\/td><td data-mtr-content=\"Sp\u00e9cialisation en espagnol\" class=\"mtr-td-tag\"><div class=\"mtr-cell-content\">Espagnol pour cliniciens<\/div><\/td><td data-mtr-content=\"Application pratique\" class=\"mtr-td-tag\"><div class=\"mtr-cell-content\">Diagnostic, explication des traitements<\/div><\/td><\/tr><tr><td data-mtr-content=\"R\u00f4le\" class=\"mtr-td-tag\"><div class=\"mtr-cell-content\"><strong>Infirmiers<\/strong><\/div><\/td><td data-mtr-content=\"Sp\u00e9cialisation en espagnol\" class=\"mtr-td-tag\"><div class=\"mtr-cell-content\">Espagnol pour les soins aux patients<\/div><\/td><td data-mtr-content=\"Application pratique\" class=\"mtr-td-tag\"><div class=\"mtr-cell-content\">Signes vitaux, m\u00e9dicaments, confort<\/div><\/td><\/tr><tr><td data-mtr-content=\"R\u00f4le\" class=\"mtr-td-tag\"><div class=\"mtr-cell-content\"><strong>Personnel m\u00e9dical<\/strong><\/div><\/td><td data-mtr-content=\"Sp\u00e9cialisation en espagnol\" class=\"mtr-td-tag\"><div class=\"mtr-cell-content\">Formation en espagnol m\u00e9dical<\/div><\/td><td data-mtr-content=\"Application pratique\" class=\"mtr-td-tag\"><div class=\"mtr-cell-content\">Interaction quotidienne avec les patients<\/div><\/td><\/tr><tr><td data-mtr-content=\"R\u00f4le\" class=\"mtr-td-tag\"><div class=\"mtr-cell-content\"><strong>Personnel hospitalier<\/strong><\/div><\/td><td data-mtr-content=\"Sp\u00e9cialisation en espagnol\" class=\"mtr-td-tag\"><div class=\"mtr-cell-content\">Espagnol pour le personnel hospitalier<\/div><\/td><td data-mtr-content=\"Application pratique\" class=\"mtr-td-tag\"><div class=\"mtr-cell-content\">Admissions, coordination<\/div><\/td><\/tr><tr><td data-mtr-content=\"R\u00f4le\" class=\"mtr-td-tag\"><div class=\"mtr-cell-content\"><strong>Travailleurs de la sant\u00e9<\/strong><\/div><\/td><td data-mtr-content=\"Sp\u00e9cialisation en espagnol\" class=\"mtr-td-tag\"><div class=\"mtr-cell-content\">Espagnol pour les travailleurs de la sant\u00e9<\/div><\/td><td data-mtr-content=\"Application pratique\" class=\"mtr-td-tag\"><div class=\"mtr-cell-content\">Assistance et accompagnement des patients<\/div><\/td><\/tr><tr><td data-mtr-content=\"R\u00f4le\" class=\"mtr-td-tag\"><div class=\"mtr-cell-content\"><strong>\u00c9tudiants en m\u00e9decine<\/strong><\/div><\/td><td data-mtr-content=\"Sp\u00e9cialisation en espagnol\" class=\"mtr-td-tag\"><div class=\"mtr-cell-content\">Cours d\u2019espagnol m\u00e9dical<\/div><\/td><td data-mtr-content=\"Application pratique\" class=\"mtr-td-tag\"><div class=\"mtr-cell-content\">Pratique clinique et entretiens<\/div><\/td><\/tr><\/tbody><\/table><\/figure>\n\n\n<div class=\"wp-block-image\">\n<figure class=\"aligncenter size-large\"><img decoding=\"async\" width=\"1024\" height=\"683\" src=\"https:\/\/espanoleschool.com\/escuela\/wp-content\/uploads\/2026\/01\/image-2-1024x683.jpeg\" alt=\"\" class=\"wp-image-69145\" srcset=\"https:\/\/espanoleschool.com\/escuela\/wp-content\/uploads\/2026\/01\/image-2-1024x683.jpeg 1024w, https:\/\/espanoleschool.com\/escuela\/wp-content\/uploads\/2026\/01\/image-2-300x200.jpeg 300w, https:\/\/espanoleschool.com\/escuela\/wp-content\/uploads\/2026\/01\/image-2-768x512.jpeg 768w, https:\/\/espanoleschool.com\/escuela\/wp-content\/uploads\/2026\/01\/image-2-1536x1024.jpeg 1536w, https:\/\/espanoleschool.com\/escuela\/wp-content\/uploads\/2026\/01\/image-2-655x437.jpeg 655w, https:\/\/espanoleschool.com\/escuela\/wp-content\/uploads\/2026\/01\/image-2.jpeg 1600w\" sizes=\"(max-width: 1024px) 100vw, 1024px\" \/><\/figure><\/div>\n\n\n<h2 class=\"wp-block-heading\">Espagnol pour les \u00e9tudiants en m\u00e9decine<\/h2>\n\n\n\n<p>Les \u00e9tudiants en m\u00e9decine peuvent tirer profit d\u2019une exposition pr\u00e9coce \u00e0 l\u2019espagnol en:<\/p>\n\n\n\n<ul class=\"wp-block-list\">\n<li>Apprenant la terminologie m\u00e9dicale en espagnol avant les stages cliniques<\/li>\n\n\n\n<li>S\u2019entra\u00eenant aux entretiens avec les patients en espagnol<\/li>\n\n\n\n<li>Gagnant en confiance dans des situations de soins r\u00e9elles<\/li>\n<\/ul>\n\n\n\n<p>Pour les \u00e9tudiants visant une certification officielle, nous proposons \u00e9galement des cours d\u2019espagnol pour vous pr\u00e9parer \u00e0 des examens tels que le <a href=\"https:\/\/espanoleschool.com\/fr\/preparation-examen-dele\/\">DELE<\/a> ou le <a href=\"https:\/\/espanoleschool.com\/fr\/preparation-examen-siele\/\">SIELE<\/a>, officiellement reconnus par l\u2019Instituto Cervantes.<\/p>\n\n\n\n<p class=\"has-text-align-center\">En savoir plus: <a href=\"https:\/\/espanoleschool.com\/fr\/siele-dele-diferencias\/\">SIELE ou DELE: que comprennent les examens officiels de certification en espagnol?<\/a> <\/p>\n\n\n\n<h2 class=\"wp-block-heading\">Questions fr\u00e9quentes des professionnels de sant\u00e9 apprenant l\u2019espagnol<\/h2>\n\n\n\n<h3 class=\"wp-block-heading\">Comment apprendre efficacement l\u2019espagnol pour les professionnels de sant\u00e9?<\/h3>\n\n\n\n<p>Les professionnels de sant\u00e9 apprennent l\u2019espagnol plus rapidement lorsqu\u2019il est enseign\u00e9 \u00e0 travers des situations cliniques r\u00e9elles, et non par une grammaire isol\u00e9e. L\u2019apprentissage bas\u00e9 sur des sc\u00e9narios permet d\u2019utiliser imm\u00e9diatement l\u2019espagnol avec les patients. Une pratique r\u00e9guli\u00e8re dans des contextes r\u00e9alistes renforce rapidement la confiance.  <\/p>\n\n\n\n<h3 class=\"wp-block-heading\">Quel est le meilleur cours d\u2019espagnol pour les professionnels de sant\u00e9 ?<\/h3>\n\n\n\n<p>Le meilleur cours est celui qui est sp\u00e9cifiquement con\u00e7u pour les environnements m\u00e9dicaux et les r\u00f4les professionnels. Il met l\u2019accent sur l\u2019expression orale, la compr\u00e9hension et l\u2019interaction avec les patients plut\u00f4t que sur l\u2019espagnol g\u00e9n\u00e9ral. La pertinence pratique est plus importante que la th\u00e9orie acad\u00e9mique.  <\/p>\n\n\n\n<h3 class=\"wp-block-heading\">Comment am\u00e9liorer l\u2019espagnol conversationnel pour les professionnels de sant\u00e9?<\/h3>\n\n\n\n<p>L\u2019espagnol conversationnel s\u2019am\u00e9liore gr\u00e2ce \u00e0 des interactions fr\u00e9quentes et courtes dans des contextes de soins r\u00e9els. Les jeux de r\u00f4le et la pratique orale guid\u00e9e sont plus efficaces que la m\u00e9morisation. La confiance vient de l\u2019usage, pas de la perfection.  <\/p>\n\n\n\n<h3 class=\"wp-block-heading\">O\u00f9 trouver les meilleures ressources en espagnol pour les professionnels de la sant\u00e9 mentale?<\/h3>\n\n\n\n<p>Les meilleures ressources sont des cours sp\u00e9cialis\u00e9s ax\u00e9s sur les s\u00e9ances de th\u00e9rapie et les entretiens avec les patients. Ils privil\u00e9gient le langage \u00e9motionnel et une communication culturellement adapt\u00e9e. Les sc\u00e9narios r\u00e9alistes sont essentiels pour une pratique s\u00fbre et efficace.  <\/p>\n\n\n\n<h2 class=\"wp-block-heading\">Avantages de suivre un cours d\u2019espagnol pour les professionnels de sant\u00e9<\/h2>\n\n\n\n<p>S\u2019inscrire \u00e0 un cours sp\u00e9cialis\u00e9 offre:<\/p>\n\n\n\n<ul class=\"wp-block-list\">\n<li>Un contenu adapt\u00e9 aux <strong>m\u00e9decins, infirmiers et travailleurs de la sant\u00e9<\/strong><\/li>\n\n\n\n<li>Un accent mis sur les<strong> comp\u00e9tences conversationnelles<\/strong> et la<strong> terminologie m\u00e9dicale<\/strong><\/li>\n\n\n\n<li>Des formats flexibles: en ligne, en pr\u00e9sentiel ou en programmes intensifs<\/li>\n\n\n\n<li>De meilleures perspectives de carri\u00e8re et une<strong> satisfaction accrue des patients<\/strong><\/li>\n<\/ul>\n\n\n\n<h2 class=\"wp-block-heading\">Pr\u00eat \u00e0 apprendre l\u2019espagnol en tant que professionnel de sant\u00e9?<\/h2>\n\n\n\n<p>Apprendre l\u2019espagnol ne consiste pas seulement \u00e0 m\u00e9moriser des mots. Il s\u2019agit de gagner en confiance, de mieux comprendre les patients et de pouvoir communiquer efficacement dans des situations m\u00e9dicales r\u00e9elles. <\/p>\n\n\n\n<p>Chez Espa\u00f1ol\u00e9, nos cours pour les professionnels de sant\u00e9 sont con\u00e7us pour combiner des comp\u00e9tences linguistiques pratiques avec des sc\u00e9narios du monde r\u00e9el. Que vous soyez m\u00e9decin, infirmier ou travailleur de la sant\u00e9, nous vous accompagnons pas \u00e0 pas afin que vous vous sentiez \u00e0 l\u2019aise pour parler espagnol d\u00e8s le premier jour. <\/p>\n\n\n\n<p><strong>Vous ne savez pas quel cours d\u2019espagnol vous convient le mieux?  <\/strong><a href=\"https:\/\/espanoleschool.com\/fr\/contact\/\"><strong> Contactez-nous!<\/strong><\/a><\/p>\n","protected":false},"excerpt":{"rendered":"<p>Une communication claire est essentielle dans le domaine de la sant\u00e9. Lorsque la langue devient un obstacle, la s\u00e9curit\u00e9 des patients, la confiance et les r\u00e9sultats des soins peuvent \u00eatre [&hellip;]<\/p>\n","protected":false},"author":33,"featured_media":69136,"comment_status":"closed","ping_status":"closed","sticky":false,"template":"","format":"standard","meta":{"content-type":"","rank_math_lock_modified_date":false,"_genesis_hide_title":false,"_genesis_hide_breadcrumbs":false,"_genesis_hide_singular_image":false,"_genesis_hide_footer_widgets":false,"_genesis_custom_body_class":"","_genesis_custom_post_class":"","_genesis_layout":"","_price":"","_stock":"","_tribe_ticket_header":"","_tribe_default_ticket_provider":"","_tribe_ticket_capacity":"0","_ticket_start_date":"","_ticket_end_date":"","_tribe_ticket_show_description":"","_tribe_ticket_show_not_going":false,"_tribe_ticket_use_global_stock":"","_tribe_ticket_global_stock_level":"","_global_stock_mode":"","_global_stock_cap":"","_tribe_rsvp_for_event":"","_tribe_ticket_going_count":"","_tribe_ticket_not_going_count":"","_tribe_tickets_list":[],"_tribe_ticket_has_attendee_info_fields":false,"footnotes":""},"categories":[209],"tags":[],"class_list":["post-69214","post","type-post","status-publish","format-standard","has-post-thumbnail","category-aprender-espanol-fr","entry"],"_links":{"self":[{"href":"https:\/\/espanoleschool.com\/fr\/wp-json\/wp\/v2\/posts\/69214","targetHints":{"allow":["GET"]}}],"collection":[{"href":"https:\/\/espanoleschool.com\/fr\/wp-json\/wp\/v2\/posts"}],"about":[{"href":"https:\/\/espanoleschool.com\/fr\/wp-json\/wp\/v2\/types\/post"}],"author":[{"embeddable":true,"href":"https:\/\/espanoleschool.com\/fr\/wp-json\/wp\/v2\/users\/33"}],"replies":[{"embeddable":true,"href":"https:\/\/espanoleschool.com\/fr\/wp-json\/wp\/v2\/comments?post=69214"}],"version-history":[{"count":3,"href":"https:\/\/espanoleschool.com\/fr\/wp-json\/wp\/v2\/posts\/69214\/revisions"}],"predecessor-version":[{"id":69217,"href":"https:\/\/espanoleschool.com\/fr\/wp-json\/wp\/v2\/posts\/69214\/revisions\/69217"}],"wp:featuredmedia":[{"embeddable":true,"href":"https:\/\/espanoleschool.com\/fr\/wp-json\/wp\/v2\/media\/69136"}],"wp:attachment":[{"href":"https:\/\/espanoleschool.com\/fr\/wp-json\/wp\/v2\/media?parent=69214"}],"wp:term":[{"taxonomy":"category","embeddable":true,"href":"https:\/\/espanoleschool.com\/fr\/wp-json\/wp\/v2\/categories?post=69214"},{"taxonomy":"post_tag","embeddable":true,"href":"https:\/\/espanoleschool.com\/fr\/wp-json\/wp\/v2\/tags?post=69214"}],"curies":[{"name":"wp","href":"https:\/\/api.w.org\/{rel}","templated":true}]}}