{"id":47491,"date":"2023-11-14T09:17:32","date_gmt":"2023-11-14T08:17:32","guid":{"rendered":"https:\/\/espanoleschool.com\/acteurs-espagnols-connus\/"},"modified":"2025-12-18T10:59:59","modified_gmt":"2025-12-18T09:59:59","slug":"acteurs-espagnols-connus","status":"publish","type":"post","link":"https:\/\/espanoleschool.com\/fr\/acteurs-espagnols-connus\/","title":{"rendered":"Acteurs espagnols c\u00e9l\u00e8bres : Antonio Banderas, Javier Bardem, Pen\u00e9lope Cruz\u2026"},"content":{"rendered":"\n<p>Le cin\u00e9ma espagnol vit un \u00e9poque dor\u00e9e, qui am\u00e8ne certaines personnes \u00e0 qualifier notre industrie audiovisuelle de \u00ab Hollywood de l&#8217;Europe \u00bb.<\/p>\n\n\n\n<p>Non seulement en raison du grand nombre de tournages et de productions qui ont lieu chaque ann\u00e9e dans notre pays, mais <strong>\u00e9galement en raison du grand nombre d\u2019acteurs espagnols connus associ\u00e9s au septi\u00e8me art <\/strong>parmi lesquels se trouvent de grandes stars internationales comme Antonio Banderas, Pen\u00e9lope Cruz ou Javier Bardem.<\/p>\n\n\n\n<p>Pour vous, nous avons cr\u00e9\u00e9 un <strong>classement des acteurs espagnols les plus c\u00e9l\u00e8bres du moment<\/strong>.<\/p>\n\n\n\n<p>Certains sont des artistes confirm\u00e9s avec de tr\u00e8s prestigieuses carri\u00e8res, auxquels nous avons \u00e9galement ajout\u00e9 une liste de noms tr\u00e8s prometteurs disposant d&#8217;un grand avenir dans ce secteur.<\/p>\n\n\n\n<p>Connaissez-vous leurs \u0153uvres ?<\/p>\n\n\n\n<h2 class=\"wp-block-heading\"><strong><strong>Liste des actrices et acteurs espagnols c\u00e9l\u00e8bres<\/strong><\/strong><\/h2>\n\n\n\n<h3 class=\"wp-block-heading\"><strong>Antonio Banderas<\/strong><\/h3>\n\n\n\n<p>Antonio Banderas est n\u00e9 \u00e0 Malaga. Il est<strong> l&#8217;un des acteurs espagnols les plus connus au niveau international<\/strong>.<\/p>\n\n\n\n<p>Install\u00e9 depuis des d\u00e9cennies \u00e0 Los Angeles, o\u00f9 il r\u00e9ussit en tant qu&#8217;interpr\u00e8te, doubleur ou producteur de musique,<strong> il est devenu tr\u00e8s c\u00e9l\u00e8bre en Espagne dans les ann\u00e9es 80. I<\/strong>l a notamment jou\u00e9 dans plusieurs films r\u00e9alis\u00e9s par le c\u00e9l\u00e8bre cin\u00e9aste Pedro Almod\u00f3var.<\/p>\n\n\n\n<p>Viennent ensuite les grands succ\u00e8s hollywoodiens : \u201cPhiladelphia\u201d, \u201cEntretien avec un vampire\u201d, \u201cDesperado\u201d, \u201cLa Maison des esprits\u201d, \u201cEvita\u201d, \u201cLe Masque de Zorro\u201d ou encore \u201cIndiana Jones et le cadran de la destin\u00e9e\u201d sont quelques-uns des titres qui font partie de son palmar\u00e8s.<\/p>\n\n\n\n<h3 class=\"wp-block-heading\"><strong>Javier Bardem<\/strong><\/h3>\n\n\n\n<p>Javier Bardem appartient \u00e0 une importante saga d&#8217;acteurs espagnols. Il a, d\u00e8s sa jeunesse, dirig\u00e9 sa carri\u00e8re vers le <strong>monde du th\u00e9\u00e2tre<\/strong>.<\/p>\n\n\n\n<p>Ses premi\u00e8res apparitions se font sur le petit \u00e9cran, \u00e0 travers des s\u00e9ries t\u00e9l\u00e9vis\u00e9es, mais il fait rapidement ses d\u00e9buts au cin\u00e9ma.<\/p>\n\n\n\n<p>Tout comme Antonio Banderas, il a \u00e9galement travaill\u00e9 avec Pedro Almod\u00f3var.<\/p>\n\n\n\n<p><strong>L&#8217;un de ses films les plus c\u00e9l\u00e8bres en Espagne \u00e9tait \u201cMar adentro\u201d<\/strong>, o\u00f9 il a jou\u00e9 un t\u00e9trapl\u00e9gique. Peu de temps apr\u00e8s, il arrive sur le march\u00e9 nord-am\u00e9ricain et fait son apparition dans des sagas telles que James Bond ou Pirates des Cara\u00efbes.<\/p>\n\n\n\n<p>Il a re\u00e7u plusieurs <strong>nominations aux Oscars. <\/strong>En 2007, il re\u00e7oit le prix du <strong>Meilleur acteur dans un second r\u00f4le par l&#8217;American Film Academy <\/strong>gr\u00e2ce \u00e0 son r\u00f4le dans \u201cNo Country for Old Men\u201d, r\u00e9alis\u00e9 par les fr\u00e8res Coen.<\/p>\n\n\n\n<p>Cela pourrait vous int\u00e9resser&nbsp;!&nbsp;: <a href=\"https:\/\/espanoleschool.com\/fr\/plat-espagnol-typique\/\">Plats typiques espagnols que vous devriez essayer<\/a><\/p>\n\n\n<div class=\"wp-block-image\">\n<figure class=\"aligncenter size-full\"><img decoding=\"async\" width=\"825\" height=\"550\" src=\"https:\/\/espanoleschool.com\/escuela\/wp-content\/uploads\/2023\/11\/actores-espanoles-famosos.jpg\" alt=\"Acteurs espagnols connus\" class=\"wp-image-47326\" srcset=\"https:\/\/espanoleschool.com\/escuela\/wp-content\/uploads\/2023\/11\/actores-espanoles-famosos.jpg 825w, https:\/\/espanoleschool.com\/escuela\/wp-content\/uploads\/2023\/11\/actores-espanoles-famosos-300x200.jpg 300w, https:\/\/espanoleschool.com\/escuela\/wp-content\/uploads\/2023\/11\/actores-espanoles-famosos-768x512.jpg 768w\" sizes=\"(max-width: 825px) 100vw, 825px\" \/><\/figure><\/div>\n\n\n<h3 class=\"wp-block-heading\"><br><strong>Pen\u00e9lope Cruz<\/strong><\/h3>\n\n\n\n<p>Le grand triumvirat d&#8217;acteurs espagnols c\u00e9l\u00e8bres est compl\u00e9t\u00e9 par Pen\u00e9lope Cruz, l&#8217;une des<strong> actrices avec une plus grande projection internationale ces derni\u00e8res ann\u00e9es<\/strong>.<\/p>\n\n\n\n<p>Premi\u00e8re candidate espagnole aux Oscars et aux Golden Globes, elle est devenue en 2008 la premi\u00e8re actrice de nationalit\u00e9 espagnole \u00e0 remporter l&#8217;Oscar de <strong>Meilleure actrice dans un second r\u00f4le pour le film \u201cVicky Cristina Barcelona\u201d de Woody Allen<\/strong>.<\/p>\n\n\n\n<p>Tout au long de sa carri\u00e8re, elle a travaill\u00e9 avec les meilleurs r\u00e9alisateurs espagnols, parmi lesquels Fernando Trueba, Alejandro Amen\u00e1bar et Pedro Almod\u00f3var. Son arriv\u00e9e \u00e0 Hollywood est intervenue apr\u00e8s la premi\u00e8re de \u201cTout sur ma m\u00e8re\u201d, laur\u00e9at de l&#8217;Oscar du meilleur film \u00e9tranger.<\/p>\n\n\n\n<p>Certains de ses films les plus connus sont \u201cBelle \u00c9poque\u201d, \u201cLa fille de tes r\u00eaves\u201d, \u201cVanilla Sky\u201d, \u201cBlow\u201d, \u201cPirates des Cara\u00efbes : La fontaine de jouvance\u201d, \u201cLoving Pablo&#8221; ou \u201cMeurtre sur l&#8217; Orient Express\u201d.<\/p>\n\n\n\n<h3 class=\"wp-block-heading\"><strong>Jordi Moll\u00e0<\/strong><\/h3>\n\n\n\n<p>Un autre des acteurs espagnols les plus c\u00e9l\u00e8bres et les plus \u00e9tablis est le catalan Jordi Moll\u00e0.<\/p>\n\n\n\n<p>N\u00e9 \u00e0 Hospitalet de Llobregat, <strong>son premier succ\u00e8s fut avec Javier Bardem et Pen\u00e9lope Cruz dans le film \u201cJam\u00f3n, Jam\u00f3n\u201d (1992)<\/strong>, actrice avec qui il a \u00e9galement travaill\u00e9 dans le film \u201cBlow\u201d, avec Johnny Depp.<\/p>\n\n\n\n<p>Certains de ses r\u00f4les les plus reconnus ont \u00e9t\u00e9 dans \u201cElizabeth: l\u2019\u00e2ge d\u2019or\u201d, o\u00f9 il incarne le roi Philippe II, ou \u201cLe Consul de Sodoma\u201d, o\u00f9 il incarne l&#8217;\u00e9crivain Jaime Gil de Biedma. R\u00e9alisateur et sc\u00e9nariste, certaines de ses \u0153uvres internationales les plus connues sont \u201cThe Alamo\u201d, \u201cCall of Duty : Black Ops II\u201d, \u201cRiddick\u201d ou encore \u201cIn the Heart of the Sea\u201d.<\/p>\n\n\n\n<h3 class=\"wp-block-heading\"><strong>Luis Tosar<\/strong><\/h3>\n\n\n\n<p>Luis Tosar est l&#8217;un des visages les plus connus du cin\u00e9ma espagnol.<\/p>\n\n\n\n<p>Cet acteur galicien a jou\u00e9 dans de nombreux succ\u00e8s au box-office au cours de la derni\u00e8re d\u00e9cennie et a \u00e9t\u00e9 salu\u00e9 par la critique, obtenant <strong>trois prix Goya<\/strong>.<\/p>\n\n\n\n<p>Sa grande ascension vers la gloire s&#8217;est produite en 2003 lorsqu&#8217;<strong>il a remport\u00e9 le prix du meilleur acteur dans un second r\u00f4le pour son r\u00f4le dans le film \u201cLes lundis au soleil\u201d<\/strong>. Un an plus tard, il remporte le prix du meilleur acteur principal pour \u201cTe dio mis ojos\u201d (Ne dis rien).<\/p>\n\n\n\n<p>Certaines de ses performances les plus impressionnantes ont \u00e9t\u00e9 dans les films \u201cCellule 211\u201d, \u201cMalveillance\u201d, \u201cShrew&#8217;s Nest\u201d, \u201cCent ans de pardon\u201d, \u201cOeil pour oeil\u201d, \u201cLes avantages de voyager en train\u201d, \u201cAd\u00fa\u201d, \u201cLes repentis\u201d, \u201cBraquage final\u201d ou \u201cCode Emperor\u201d. \u00c0 la t\u00e9l\u00e9vision, ses r\u00f4les principaux se d\u00e9marquent dans les s\u00e9ries \u201cCoup pour coup\u201d sur Netflix et \u201cStar Wars : Visions\u201d sur Disney+.<\/p>\n\n\n\n<p>D\u00e9couvrez les <a href=\"https:\/\/espanoleschool.com\/fr\/fetes-traditionnelles-espagne\/\">c\u00e9l\u00e9brations en Espagne \u00e0 ne pas manquer<\/a>.<\/p>\n\n\n\n<h3 class=\"wp-block-heading\"><strong>Paz Vega <\/strong><\/h3>\n\n\n\n<p>L&#8217;actrice s\u00e9villane Paz Vega a d\u00e9but\u00e9 dans le cin\u00e9ma et la t\u00e9l\u00e9vision espagnols, mais sa carri\u00e8re a rapidement explos\u00e9 jusqu&#8217;\u00e0 devenir l&#8217;une des actrices avec la plus grande projection internationale.<\/p>\n\n\n\n<p>Son travail dans le film \u201cLuc\u00eda y el sexe\u201d lui a valu le<strong> Prix \u200b\u200bGoya de la meilleure nouvelle actrice en 2002<\/strong>. Depuis, elle a combin\u00e9 son travail en Espagne et \u00e0 Hollywood, o\u00f9 elle a fait ses d\u00e9buts avec des films tels que \u201cSpanglish\u201d et \u201cGrace de Monaco\u201d.<\/p>\n\n\n\n<p><strong>Elle a \u00e9galement travaill\u00e9 en Italie et en France<\/strong>, ainsi que dans de nombreuses coproductions europ\u00e9ennes.<\/p>\n\n\n<div class=\"wp-block-image\">\n<figure class=\"aligncenter size-full\"><img decoding=\"async\" width=\"825\" height=\"550\" src=\"https:\/\/espanoleschool.com\/escuela\/wp-content\/uploads\/2023\/11\/actores-espana-mas-famosos.jpg\" alt=\"Acteurs espagnols c\u00e9l\u00e8bres\" class=\"wp-image-47334\" srcset=\"https:\/\/espanoleschool.com\/escuela\/wp-content\/uploads\/2023\/11\/actores-espana-mas-famosos.jpg 825w, https:\/\/espanoleschool.com\/escuela\/wp-content\/uploads\/2023\/11\/actores-espana-mas-famosos-300x200.jpg 300w, https:\/\/espanoleschool.com\/escuela\/wp-content\/uploads\/2023\/11\/actores-espana-mas-famosos-768x512.jpg 768w\" sizes=\"(max-width: 825px) 100vw, 825px\" \/><\/figure><\/div>\n\n\n<h3 class=\"wp-block-heading\"><br><strong>Blanca Su\u00e1rez<\/strong><\/h3>\n\n\n\n<p>Blanca Su\u00e1rez est une actrice espagnole bien connue pour son travail dans la s\u00e9rie \u201cL\u2019internat : las cumbres\u201d ou \u201cLes demoiselles du t\u00e9l\u00e9phone\u201d (\u201cLas chicas del cable\u201d). Elle est \u00e9galement connue pour ses r\u00f4les au cin\u00e9ma, en soulignant sa performance dans le film \u201cLa peau que j\u2019habite\u201d (\u201cLa piel que habito\u201d) , de Pedro Almod\u00f3var, qui lui a valu un prix Goya.<\/p>\n\n\n\n<p>Elle travaille \u00e0 nouveau avec ce r\u00e9alisateur dans la com\u00e9die \u201cLes amants passagers\u201d.<\/p>\n\n\n\n<p>Elle a \u00e9galement jou\u00e9 sous les ordres de r\u00e9alisateurs de renom comme Imanol Uribe, Jos\u00e9 Luis Cuerda ou \u00c1lex de la Iglesia, avec lesquels il a tourn\u00e9 de grands succ\u00e8s au box-office comme \u201cEl Bar\u201d ou \u201cEl Cuarto pasajero\u201d.<\/p>\n\n\n\n<p><strong>Un autre de ses r\u00f4les \u00e0 la t\u00e9l\u00e9vision qui m\u00e9rite d&#8217;\u00eatre soulign\u00e9 \u00e9tait celui de la s\u00e9rie \u201cCarlos, Rey Emperador\u201d, sur RTVE, o\u00f9 elle incarnait la reine Isabelle du Portugal.<\/strong><\/p>\n\n\n\n<h2 class=\"wp-block-heading\"><strong><strong>Autres acteurs espagnols connus<\/strong><\/strong><\/h2>\n\n\n\n<ul class=\"wp-block-list\">\n<li>Eduard Fern\u00e1ndez.<\/li>\n\n\n\n<li>Maribel Verd\u00fa.<\/li>\n\n\n\n<li>Llu\u00eds Homar.<\/li>\n\n\n\n<li>Jos\u00e9 Coronado.<\/li>\n\n\n\n<li>Clara Lago.<\/li>\n\n\n\n<li>Javier C\u00e1mara.<\/li>\n\n\n\n<li>Antonio de la Torre.<\/li>\n\n\n\n<li>Dani Rovira.<\/li>\n\n\n\n<li>Adriana Ugarte.<\/li>\n\n\n\n<li>Michelle Jenner.<\/li>\n\n\n\n<li>Inma Cuesta.<\/li>\n\n\n\n<li>Ester Exp\u00f3sito.<\/li>\n\n\n\n<li>Miguel \u00c1ngel Silvertre.<\/li>\n\n\n\n<li>Mario Casas.<\/li>\n\n\n\n<li>Aron Piper.<\/li>\n\n\n\n<li>Eduardo Rosa.<\/li>\n\n\n\n<li>Asier Etxeandia. <\/li>\n\n\n\n<li>Alfonso Bassave. <\/li>\n\n\n\n<li>Miguel Herr\u00e1n.<\/li>\n\n\n\n<li>Carlos Cuevas.<\/li>\n<\/ul>\n\n\n\n<p>Souhaitez-vous en savoir plus sur la culture espagnole tout en apprenant notre langue? Chez espa\u00f1ol\u00e9, nous vous donnons la possibilit\u00e9 d\u2019<strong>apprendre l&#8217;espagnol <\/strong>tout en profitant de la gastronomie, des coutumes et des traditions de notre pays.<\/p>\n\n\n\n<p>D\u00e9couvrez notre <a href=\"https:\/\/espanoleschool.com\/fr\/cours-espagnol-valence\/\"><strong>Cours d&#8217;espagnol \u00e0 Valence<\/strong><\/a> et venez vivre l&#8217;exp\u00e9rience !<\/p>\n\n\n\n<p>Nous proposons \u00e9galement diff\u00e9rentes options de <a href=\"https:\/\/espanoleschool.com\/fr\/hebergement-valence\/\"><strong>logement \u00e0 Valence pour nos \u00e9tudiants \u00e9trangers<\/strong><\/a>.<\/p>\n","protected":false},"excerpt":{"rendered":"<p>Le cin\u00e9ma espagnol vit un \u00e9poque dor\u00e9e, qui am\u00e8ne certaines personnes \u00e0 qualifier notre industrie audiovisuelle de \u00ab Hollywood de l&#8217;Europe \u00bb. Non seulement en raison du grand nombre de [&hellip;]<\/p>\n","protected":false},"author":18,"featured_media":47342,"comment_status":"closed","ping_status":"closed","sticky":false,"template":"","format":"standard","meta":{"content-type":"","rank_math_lock_modified_date":false,"_genesis_hide_title":false,"_genesis_hide_breadcrumbs":false,"_genesis_hide_singular_image":false,"_genesis_hide_footer_widgets":false,"_genesis_custom_body_class":"","_genesis_custom_post_class":"","_genesis_layout":"","_price":"","_stock":"","_tribe_ticket_header":"","_tribe_default_ticket_provider":"","_tribe_ticket_capacity":"0","_ticket_start_date":"","_ticket_end_date":"","_tribe_ticket_show_description":"","_tribe_ticket_show_not_going":false,"_tribe_ticket_use_global_stock":"","_tribe_ticket_global_stock_level":"","_global_stock_mode":"","_global_stock_cap":"","_tribe_rsvp_for_event":"","_tribe_ticket_going_count":"","_tribe_ticket_not_going_count":"","_tribe_tickets_list":[],"_tribe_ticket_has_attendee_info_fields":false,"footnotes":""},"categories":[469],"tags":[],"class_list":["post-47491","post","type-post","status-publish","format-standard","has-post-thumbnail","category-culture-et-gastronomie","entry"],"_links":{"self":[{"href":"https:\/\/espanoleschool.com\/fr\/wp-json\/wp\/v2\/posts\/47491","targetHints":{"allow":["GET"]}}],"collection":[{"href":"https:\/\/espanoleschool.com\/fr\/wp-json\/wp\/v2\/posts"}],"about":[{"href":"https:\/\/espanoleschool.com\/fr\/wp-json\/wp\/v2\/types\/post"}],"author":[{"embeddable":true,"href":"https:\/\/espanoleschool.com\/fr\/wp-json\/wp\/v2\/users\/18"}],"replies":[{"embeddable":true,"href":"https:\/\/espanoleschool.com\/fr\/wp-json\/wp\/v2\/comments?post=47491"}],"version-history":[{"count":3,"href":"https:\/\/espanoleschool.com\/fr\/wp-json\/wp\/v2\/posts\/47491\/revisions"}],"predecessor-version":[{"id":47495,"href":"https:\/\/espanoleschool.com\/fr\/wp-json\/wp\/v2\/posts\/47491\/revisions\/47495"}],"wp:featuredmedia":[{"embeddable":true,"href":"https:\/\/espanoleschool.com\/fr\/wp-json\/wp\/v2\/media\/47342"}],"wp:attachment":[{"href":"https:\/\/espanoleschool.com\/fr\/wp-json\/wp\/v2\/media?parent=47491"}],"wp:term":[{"taxonomy":"category","embeddable":true,"href":"https:\/\/espanoleschool.com\/fr\/wp-json\/wp\/v2\/categories?post=47491"},{"taxonomy":"post_tag","embeddable":true,"href":"https:\/\/espanoleschool.com\/fr\/wp-json\/wp\/v2\/tags?post=47491"}],"curies":[{"name":"wp","href":"https:\/\/api.w.org\/{rel}","templated":true}]}}