{"id":47202,"date":"2023-10-18T13:34:42","date_gmt":"2023-10-18T11:34:42","guid":{"rendered":"https:\/\/espanoleschool.com\/pronoms-personnels-espagnol\/"},"modified":"2025-05-08T14:58:50","modified_gmt":"2025-05-08T12:58:50","slug":"pronoms-personnels-espagnol","status":"publish","type":"post","link":"https:\/\/espanoleschool.com\/fr\/pronoms-personnels-espagnol\/","title":{"rendered":"Pronoms personnels en espagnol : quelle est la diff\u00e9rence entre les d\u00e9terminants et les adverbes ?"},"content":{"rendered":"\n<p>Les pronoms personnels en espagnol font partie des<strong> sujets les plus compliqu\u00e9s pour nos \u00e9tudiants<\/strong>.<\/p>\n\n\n\n<p>Utilis\u00e9s pour remplacer des personnes, des animaux ou encore des choses sans avoir \u00e0 les nommer, ils sont tr\u00e8s courants, tant \u00e0 l\u2019oral qu&#8217;\u00e0 l\u2019\u00e9crit.<strong> Leur utilisation permet de communiquer de mani\u00e8re plus fluide.<\/strong><\/p>\n\n\n\n<p>Cela pourrait vous int\u00e9resser : <a href=\"https:\/\/espanoleschool.com\/fr\/mot-complique-espagnol\/\">Quels sont les mots les plus difficiles \u00e0 prononcer en espagnol<\/a>.<\/p>\n\n\n\n<p>Cependant, ils n\u2019ont pas de signification en soi (cela d\u00e9pend de la situation, du contexte et de l\u2019utilisation), ce qui peut rendre leur apprentissage difficile.<\/p>\n\n\n\n<p>Dans cet article, nous allons essayer de vous faciliter cette t\u00e2che, en vous expliquant les types de pronoms personnels en espagnol, leurs utilisations et les diff\u00e9rences avec les d\u00e9terminants et les adverbes.<\/p>\n\n\n\n<h2 class=\"wp-block-heading\" id=\"que-son-los-pronombres-personales-y-para-que-sirven\"><strong>Que sont les pronoms personnels en espagnol et \u00e0 quoi servent-ils ?<\/strong><\/h2>\n\n\n\n<p>En grammaire, <strong>les pronoms sont des mots qui remplacent un autre mot d\u00e9j\u00e0 nomm\u00e9.<\/strong><\/p>\n\n\n\n<p>L\u2019utilisation d\u2019un pronom personnel en espagnol \u00e9vite les redondances dans les phrases sans que la qualit\u00e9 de la conversation n\u2019en soit alt\u00e9r\u00e9e.<\/p>\n\n\n\n<p>Lorsque nous parlons de pronoms personnels, <strong>nous d\u00e9signons les participants \u00e0 un discours, qui peuvent \u00eatre des personnes, des animaux ou des choses.<\/strong><\/p>\n\n\n\n<p>Par cons\u00e9quent, un pronom personnel peut faire r\u00e9f\u00e9rence ou remplacer :<\/p>\n\n\n\n<ul class=\"wp-block-list\">\n<li>A la premi\u00e8re personne. Exp\u00e9diteur du message.<br><\/li>\n\n\n\n<li>A la deuxi\u00e8me personne. Destinataire du message.<br><\/li>\n\n\n\n<li>A la troisi\u00e8me personne. Toute personne\/animal\/chose qui n\u2019est ni le locuteur ni l\u2019interlocuteur du discours.<\/li>\n<\/ul>\n\n\n\n<p>D\u00e9couvrez <a href=\"https:\/\/espanoleschool.com\/fr\/apprendre-espagnol-rapidement\/\">comment apprendre l\u2019espagnol rapidement<\/a>.<\/p>\n\n\n<div class=\"wp-block-image\">\n<figure class=\"aligncenter size-full\"><img decoding=\"async\" width=\"825\" height=\"550\" src=\"https:\/\/espanoleschool.com\/escuela\/wp-content\/uploads\/2023\/10\/pronombres-personales-espanoles.jpg\" alt=\"pronoms personnels en espagnol\" class=\"wp-image-47151\" srcset=\"https:\/\/espanoleschool.com\/escuela\/wp-content\/uploads\/2023\/10\/pronombres-personales-espanoles.jpg 825w, https:\/\/espanoleschool.com\/escuela\/wp-content\/uploads\/2023\/10\/pronombres-personales-espanoles-300x200.jpg 300w, https:\/\/espanoleschool.com\/escuela\/wp-content\/uploads\/2023\/10\/pronombres-personales-espanoles-768x512.jpg 768w\" sizes=\"(max-width: 825px) 100vw, 825px\" \/><\/figure><\/div>\n\n\n<h2 class=\"wp-block-heading\" id=\"cuales-son-los-pronombres-personales-en-espanol\"><br><strong>Types de pronoms personnels en espagnol, fonctions et comment les identifier<\/strong><\/h2>\n\n\n\n<p>D&#8217;un point de vue grammatical, les pronoms personnels peuvent \u00eatre accentu\u00e9s ou non.<\/p>\n\n\n\n<h3 class=\"wp-block-heading\" id=\"los-pronombres-personales-pueden-ser-tonicos-o-atonos\"><strong>Les pronoms personnels toniques<\/strong><\/h3>\n\n\n\n<p>Les formes toniques (appel\u00e9es aussi d\u00e9pendantes)<strong> remplissent la fonction de sujet, d&#8217;objet direct ou de termes de pr\u00e9position<\/strong>. Ils peuvent appara\u00eetre dans diff\u00e9rentes parties de la phrase (isol\u00e9es, sans verbe ou derri\u00e8re une proposition).<\/p>\n\n\n\n<p>Ces types de pronoms personnels ont des variations et doivent toujours \u00eatre en accord avec le verbe en genre et en nombre.<\/p>\n\n\n\n<h3 class=\"wp-block-heading\" id=\"7-consejos-para-utilizar-correctamente-los-pronombres-personales-en-espanol\"><strong>Les pronoms personnels non accentu\u00e9s<\/strong><\/h3>\n\n\n\n<p>Les pronoms personnels en espagnol non accentu\u00e9s (ou clitiques) <strong>sont accompagn\u00e9s d&#8217;une forme verbale<\/strong> (avant ou apr\u00e8s).<\/p>\n\n\n\n<p>Lorsqu&#8217;ils suivent un verbe, ils le rejoignent pour former un mot (esc\u00fachame, preg\u00fantaselo, d\u00edselo, etc.).<\/p>\n\n\n\n<p>Concernant la fa\u00e7on d\u2019identifier et de reconna\u00eetre les pronoms personnels et leurs utilisations en espagnol, voici quelques conseils de base.<\/p>\n\n\n\n<h3 class=\"wp-block-heading\"><strong>Pronoms personnels qui fonctionnent comme sujet<\/strong><\/h3>\n\n\n\n<p>Les pronoms personnels en espagnol les plus faciles \u00e0 retenir sont : <strong>yo, t\u00fa, vos, usted, \u00e9l, ella, ello, nosotros, nosotras, ustedes, vosotros, vosotras, ellos y ellas.<\/strong><\/p>\n\n\n\n<p>En espagnol, ces pronoms personnels <strong>remplacent les noms<\/strong>. Ils peuvent donc fonctionner comme sujets de phrase.<\/p>\n\n\n\n<h3 class=\"wp-block-heading\"><strong>Pronoms personnels en espagnol qui fonctionnent comme un objet direct\u00a0<\/strong><\/h3>\n\n\n\n<p>Parfois, les pronoms personnels servent \u00e0 compl\u00e9ter l&#8217;action d&#8217;un verbe.<\/p>\n\n\n\n<p>Dans ces cas, ils fonctionnent comme des objets directs et<strong> sont accompagn\u00e9s d&#8217;un nom et d&#8217;un verbe<\/strong>.<\/p>\n\n\n\n<p>Les pronoms objets directs sont<strong> \u201cte\u201d, \u201dlo\u201d, \u201dla\u201d, \u201cnos\u201d, \u201cos\u201d, \u201clos\u201d et \u201clas\u201d.<\/strong><\/p>\n\n\n\n<h3 class=\"wp-block-heading\"><strong>Pronoms personnels qui fonctionnent comme un objet indirect<\/strong><\/h3>\n\n\n\n<p>Lorsque les pronoms personnels d\u00e9signent le destinataire de l&#8217;action d&#8217;un verbe, ils <strong>remplacent l&#8217;objet indirect de la phrase<\/strong>.<\/p>\n\n\n\n<p>Les pronoms qui fonctionnent comme objets indirects sont<strong> \u201cme\u201d, \u201cte\u201d, \u201cle\u201d, \u201cnos\u201d, \u201cos\u201d y \u201cles\u201d.<\/strong><\/p>\n\n\n\n<h3 class=\"wp-block-heading\"><strong>Pronoms personnels qui suivent une pr\u00e9position<\/strong><\/h3>\n\n\n\n<p>Une derni\u00e8re utilisation des pronoms personnels en espagnol <strong>consiste \u00e0 suivre une pr\u00e9position<\/strong>.<\/p>\n\n\n\n<p>Ces pronoms sont appel\u00e9s \u00ab pr\u00e9positionnels \u00bb et sont<strong>&nbsp; \u201cmi\u201d, \u201cti\u201d, \u201cvos\u201d, \u201c\u00e9l\u201d, \u201cella\u201d, \u201custed\u201d, \u201cello\u201d, \u201cs\u00ed\u201d, \u201cnosotros\u201d, \u201cnosotras\u201d, \u201cvosotros\u201d, \u201cvosotras\u201d, \u201cellos\u201d, \u201cellas\u201d y \u201custedes\u201d.<\/strong><\/p>\n\n\n<div class=\"wp-block-image\">\n<figure class=\"aligncenter size-full\"><img decoding=\"async\" width=\"825\" height=\"550\" src=\"https:\/\/espanoleschool.com\/escuela\/wp-content\/uploads\/2023\/10\/tipos-pronombres-personales.jpg\" alt=\"Tableau des pronoms personnels en espagnol\" class=\"wp-image-47159\" srcset=\"https:\/\/espanoleschool.com\/escuela\/wp-content\/uploads\/2023\/10\/tipos-pronombres-personales.jpg 825w, https:\/\/espanoleschool.com\/escuela\/wp-content\/uploads\/2023\/10\/tipos-pronombres-personales-300x200.jpg 300w, https:\/\/espanoleschool.com\/escuela\/wp-content\/uploads\/2023\/10\/tipos-pronombres-personales-768x512.jpg 768w\" sizes=\"(max-width: 825px) 100vw, 825px\" \/><\/figure><\/div>\n\n\n<h2 class=\"wp-block-heading\"><br><strong>Tableau des pronoms personnels en espagnol (complet)<\/strong><\/h2>\n\n\n\n<p>Pour compl\u00e9ter les informations pr\u00e9c\u00e9dentes, voici pour vous la liste compl\u00e8te de tous les pronoms personnels en espagnol est :<\/p>\n\n\n\n<ul class=\"wp-block-list\">\n<li>1\u00e8re personne du singulier :<strong> yo, me, m\u00ed, conmigo<\/strong><strong><br><\/strong><\/li>\n\n\n\n<li>1\u00e8re personne du pluriel :<strong> Nosotros, nos, nosotras<\/strong><strong><br><\/strong><\/li>\n\n\n\n<li>2\u00e8me personne du singulier : <strong>T\u00fa, te, ti, contigo, usted, vos<\/strong><strong><br><\/strong><\/li>\n\n\n\n<li>2\u00e8me personne du pluriel : <strong>Vosotros, vosotras, os, ustedes<\/strong><strong><br><\/strong><\/li>\n\n\n\n<li>3\u00e8me personne du singulier : <strong>\u00c9l, lo, le, se, s\u00ed, consigo, ella, la, ello, lo<\/strong><strong><br><\/strong><\/li>\n\n\n\n<li>3\u00e8me personne du pluriel : <strong>Ellos, ellas, los, las, les, se, s\u00ed, consigo<\/strong><\/li>\n<\/ul>\n\n\n\n<p>Cela pourrait vous int\u00e9resser : <a href=\"https:\/\/espanoleschool.com\/fr\/phrases-espagnol-voyage\/\">Phrases utiles en espagnol pour communiquer lors de votre voyage en Espagne<\/a>.<\/p>\n\n\n\n<h2 class=\"wp-block-heading\"><strong>Quelle est la diff\u00e9rence entre les pronoms, les d\u00e9terminants et les adverbes ?<\/strong><\/h2>\n\n\n\n<p>Lorsque vous faites des exercices sur les pronoms personnels en espagnol, vous pouvez avoir des doutes ou encore les confondre avec des d\u00e9terminants et des adverbes. Comment savoir lequel employer?&nbsp;<\/p>\n\n\n\n<p>De mani\u00e8re tr\u00e8s simple,<strong> la diff\u00e9rence entre pronom, d\u00e9terminant et adverbe est la suivante<\/strong>.&nbsp;<\/p>\n\n\n\n<p>Les pronoms remplacent un nom (comme nous l&#8217;avons d\u00e9j\u00e0 vu), les d\u00e9terminants accompagnent un nom (ils en portent le genre et le nombre) et les adverbes servent d&#8217;adjectif (ils sont invariables en genre et en nombre).&nbsp;<\/p>\n\n\n\n<p><strong>Les pronoms peuvent et peuvent faire r\u00e9f\u00e9rence \u00e0 un adjectif, un verbe ou un adverbe.<\/strong><\/p>\n\n\n\n<p>Voici quelques exemples pour illustrer nos propos :<\/p>\n\n\n\n<ul class=\"wp-block-list\">\n<li>Tenemos muchos libros (le mot \u201cmuchos\u201d fait r\u00e9f\u00e9rence au nom \u201clivres\u201d. Il est donc d\u00e9terminant).<br><\/li>\n\n\n\n<li>Nos encanta tener muchos (le mot \u201cmuchos\u201d remplace le nom \u201clivre\u201d. Il s\u2019agit donc d&#8217;un pronom).<br><\/li>\n\n\n\n<li>Nosotros leemos mucho (le mot \u201cmucho\u201d modifie le verbe, c&#8217;est donc un adverbe).<\/li>\n<\/ul>\n\n\n\n<p>Ces exemples peuvent \u00e9galement vous aider \u00e0 comprendre la diff\u00e9rence entre les pronoms, les adverbes et les d\u00e9terminants.<\/p>\n\n\n\n<p>Exemple 1 : demasiado\/demasiados&nbsp;<\/p>\n\n\n\n<ul class=\"wp-block-list\">\n<li>Compr\u00e9 demasiados vasos (d\u00e9terminant).<\/li>\n\n\n\n<li>Compr\u00e9 demasiados (pronom).<\/li>\n\n\n\n<li>Est\u00e1 demasiado pasado (adverbe).<\/li>\n<\/ul>\n\n\n\n<p>Exemple 2 : bastante\/bastantes&nbsp;<\/p>\n\n\n\n<ul class=\"wp-block-list\">\n<li>Llegaron bastantes personas (d\u00e9terminant)<\/li>\n\n\n\n<li>Llegaron bastantes (pronom)&nbsp;<\/li>\n\n\n\n<li>Corre bastante r\u00e1pido (adverbe)<\/li>\n<\/ul>\n\n\n\n<p>Exemple 3 : tanto\/tantos&nbsp;<\/p>\n\n\n\n<ul class=\"wp-block-list\">\n<li>Hace tanto tiempo que lo vi (d\u00e9terminant).<\/li>\n\n\n\n<li>Hace tanto que lo vi (pronom).<\/li>\n\n\n\n<li>No hables tanto (adverbe)<\/li>\n<\/ul>\n\n\n\n<h2 class=\"wp-block-heading\"><strong>7 conseils pour utiliser correctement les pronoms personnels en espagnol<\/strong><\/h2>\n\n\n\n<p>Voici quelques<strong> conseils pour que vous puissiez apprendre \u00e0 utiliser tous les pronoms personnels en espagnol <\/strong>de mani\u00e8re plus simple et en \u00e9vitant certaines erreurs importantes.&nbsp;<\/p>\n\n\n\n<ol class=\"wp-block-list\">\n<li>Bien que les<strong> pronoms personnels \u201c\u00e9l\u201d, \u201cella\u201d, \u201cellos\u201d y \u201cellas\u201d <\/strong>soient g\u00e9n\u00e9ralement utilis\u00e9s pour d\u00e9signer des personnes ou des animaux, nous pouvons \u00e9galement les utiliser pour mentionner des objets inanim\u00e9s.<\/li>\n<\/ol>\n\n\n\n<ol class=\"wp-block-list\" start=\"2\">\n<li>\u00c0 la troisi\u00e8me personne du singulier, il existe un pronom personnel \u00e0 la forme neutre :<strong> ello.<\/strong><\/li>\n<\/ol>\n\n\n\n<ol class=\"wp-block-list\" start=\"3\">\n<li>\u00c0 l&#8217;exception de la premi\u00e8re et de la deuxi\u00e8me personne du singulier, <strong>tous les pronoms personnels en espagnol qui peuvent fonctionner comme sujet (nosotros, t\u00fa, el, ella, ella, ella)<\/strong> ont des variations de genre. De plus, ces pronoms s&#8217;accordent toujours en genre et en nombre avec le verbe qu&#8217;ils accompagnent.<\/li>\n<\/ol>\n\n\n\n<ol class=\"wp-block-list\" start=\"4\">\n<li>Lorsque les formes \u00e0 la troisi\u00e8me personne<strong> \u201c\u00e9l\u201d,\u201della\u201d, \u201cellos\u201d, \u201cellas\u201d font l&#8217;objet d&#8217;une phrase, elles ne peuvent d\u00e9signer que des personnes<\/strong>. Ainsi, en espagnol, nous n&#8217;utilisons jamais le terme \u201cella\u201d pour d\u00e9signer une chanson.<br><\/li>\n<\/ol>\n\n\n\n<p>Dans ce cas, le pronom est directement omis. Par exemple : \u201cHe escuchado la \u00faltima canci\u00f3n de C. Tangana. (Ella) Me ha encantado.\u201c<\/p>\n\n\n\n<ol class=\"wp-block-list\" start=\"5\">\n<li>Th\u00e9oriquement, le pronom personnel qui remplace<strong> le compl\u00e9ment d&#8217;objet direct de la 3\u00e8me personne du masculin singulier est \u201clo\u201d.<\/strong> Cependant, dans certaines r\u00e9gions d\u2019Espagne, la forme \u201cle\u201d est accept\u00e9e pour d\u00e9signer une personne.<\/li>\n<\/ol>\n\n\n\n<ol class=\"wp-block-list\" start=\"6\">\n<li>En revanche, la forme neutre \u201clo\u201d n&#8217;est utilis\u00e9e que<strong> lorsque l&#8217;ant\u00e9c\u00e9dent du pronom est un pronom neutre (\u201cesto\u201d, \u201ceso\u201d, \u201caquello\u201d)<\/strong>, une phrase enti\u00e8re ou l&#8217;attribut d&#8217;une phrase copulative.<\/li>\n<\/ol>\n\n\n\n<ol class=\"wp-block-list\" start=\"7\">\n<li>Lorsque la pr\u00e9position \u201ccon\u201d pr\u00e9c\u00e8de des pronoms tels que \u201cmi\u201d, \u201cti\u201d et \u201cs\u00ed\u201d, <strong>la forme \u201ccontigo\u201d, \u201cconmigo\u201d et \u201cconsigo\u201d est utilis\u00e9e<\/strong>. Dire \u201ccon m\u00ed\u201d, \u201ccon t\u00ed\u201d ou \u201ccon s\u00ed\u201d est une erreur grammaticale importante en espagnol.<\/li>\n<\/ol>\n\n\n\n<p>N&#8217;oubliez pas que si vous souhaitez apprendre l&#8217;espagnol ou am\u00e9liorer votre niveau de cette langue, notre <a href=\"https:\/\/espanoleschool.com\/fr\/\"><strong>\u00e9cole d\u2019espagnol<\/strong><\/a> est l\u00e0 pour vous accueillir et vous aider.&nbsp;<\/p>\n\n\n\n<p>Demandez des informations sur nos<strong> <\/strong><a href=\"https:\/\/espanoleschool.com\/fr\/cours-espagnol-valence\/\"><strong>cours d&#8217;espagnol \u00e0 Valence<\/strong><\/a> et d\u00e9couvrez toutes les opportunit\u00e9s de<strong> <\/strong><a href=\"https:\/\/espanoleschool.com\/fr\/hebergement-valence\/\"><strong>logement \u00e0 Valence<\/strong><\/a><strong> <\/strong>que nous proposons \u00e0 nos \u00e9tudiants depuis Espa\u00f1ol\u00e9.<\/p>\n","protected":false},"excerpt":{"rendered":"<p>Les pronoms personnels en espagnol font partie des sujets les plus compliqu\u00e9s pour nos \u00e9tudiants. Utilis\u00e9s pour remplacer des personnes, des animaux ou encore des choses sans avoir \u00e0 les [&hellip;]<\/p>\n","protected":false},"author":18,"featured_media":6005,"comment_status":"closed","ping_status":"closed","sticky":false,"template":"","format":"standard","meta":{"content-type":"","rank_math_lock_modified_date":false,"_genesis_hide_title":false,"_genesis_hide_breadcrumbs":false,"_genesis_hide_singular_image":false,"_genesis_hide_footer_widgets":false,"_genesis_custom_body_class":"","_genesis_custom_post_class":"","_genesis_layout":"","_price":"","_stock":"","_tribe_ticket_header":"","_tribe_default_ticket_provider":"","_tribe_ticket_capacity":"0","_ticket_start_date":"","_ticket_end_date":"","_tribe_ticket_show_description":"","_tribe_ticket_show_not_going":false,"_tribe_ticket_use_global_stock":"","_tribe_ticket_global_stock_level":"","_global_stock_mode":"","_global_stock_cap":"","_tribe_rsvp_for_event":"","_tribe_ticket_going_count":"","_tribe_ticket_not_going_count":"","_tribe_tickets_list":[],"_tribe_ticket_has_attendee_info_fields":false,"footnotes":""},"categories":[209],"tags":[],"class_list":["post-47202","post","type-post","status-publish","format-standard","has-post-thumbnail","category-aprender-espanol-fr","entry"],"_links":{"self":[{"href":"https:\/\/espanoleschool.com\/fr\/wp-json\/wp\/v2\/posts\/47202","targetHints":{"allow":["GET"]}}],"collection":[{"href":"https:\/\/espanoleschool.com\/fr\/wp-json\/wp\/v2\/posts"}],"about":[{"href":"https:\/\/espanoleschool.com\/fr\/wp-json\/wp\/v2\/types\/post"}],"author":[{"embeddable":true,"href":"https:\/\/espanoleschool.com\/fr\/wp-json\/wp\/v2\/users\/18"}],"replies":[{"embeddable":true,"href":"https:\/\/espanoleschool.com\/fr\/wp-json\/wp\/v2\/comments?post=47202"}],"version-history":[{"count":5,"href":"https:\/\/espanoleschool.com\/fr\/wp-json\/wp\/v2\/posts\/47202\/revisions"}],"predecessor-version":[{"id":47208,"href":"https:\/\/espanoleschool.com\/fr\/wp-json\/wp\/v2\/posts\/47202\/revisions\/47208"}],"wp:featuredmedia":[{"embeddable":true,"href":"https:\/\/espanoleschool.com\/fr\/wp-json\/wp\/v2\/media\/6005"}],"wp:attachment":[{"href":"https:\/\/espanoleschool.com\/fr\/wp-json\/wp\/v2\/media?parent=47202"}],"wp:term":[{"taxonomy":"category","embeddable":true,"href":"https:\/\/espanoleschool.com\/fr\/wp-json\/wp\/v2\/categories?post=47202"},{"taxonomy":"post_tag","embeddable":true,"href":"https:\/\/espanoleschool.com\/fr\/wp-json\/wp\/v2\/tags?post=47202"}],"curies":[{"name":"wp","href":"https:\/\/api.w.org\/{rel}","templated":true}]}}