{"id":46074,"date":"2023-06-19T08:59:52","date_gmt":"2023-06-19T06:59:52","guid":{"rendered":"https:\/\/espanoleschool.com\/top-spanish-festivals\/"},"modified":"2025-12-18T11:00:22","modified_gmt":"2025-12-18T10:00:22","slug":"fetes-traditionnelles-espagne","status":"publish","type":"post","link":"https:\/\/espanoleschool.com\/fr\/fetes-traditionnelles-espagne\/","title":{"rendered":"Les f\u00eates traditionnelles en Espagne \u00e0 ne pas manquer"},"content":{"rendered":"\n<div class=\"wp-block-group\"><div class=\"wp-block-group__inner-container is-layout-constrained wp-block-group-is-layout-constrained\">\n<p>Il est de notori\u00e9t\u00e9 publique que, nous, Espagnols, aimons les f\u00eates populaires. Nous aimons nous retrouver entre amis et en famille pour nous amuser, remplir les rues de joie et de passion et prendre soin de nos coutumes et de nos traditions. Sans aucun doute, cela attire beaucoup<strong> <\/strong><a href=\"https:\/\/espanoleschool.com\/fr\/visa-etudiant-espagne\/\"><strong>les \u00e9tudiants \u00e9trangers qui nous rendent visite pour apprendre l&#8217;espagnol<\/strong><\/a><strong>.<\/strong><\/p>\n\n\n\n<p>Danses et costumes r\u00e9gionaux, concerts, p\u00e9tards, attractions, foires&#8230; Certaines <strong>des f\u00eates traditionnelles d\u2019Espagne <\/strong>jouissent d&#8217;une reconnaissance et d&#8217;une renomm\u00e9e internationales et attirent chaque ann\u00e9e des milliers de touristes.<\/p>\n\n\n\n<p>Si vous envisagez d&#8217;<a href=\"https:\/\/espanoleschool.com\/fr\/cours-espagnol-valence\/\"><strong>\u00e9tudier l&#8217;espagnol \u00e0 Valence<\/strong><\/a> et que vous souhaitez vivre, au moins une fois dans votre vie, certaines des f\u00eates espagnoles les plus originales, nous vous recommandons d\u2019annoter dans votre agenda les festivit\u00e9s qui suivent.<\/p>\n\n\n\n<h2 class=\"wp-block-heading\"><strong>Calendrier des f\u00eates traditionnelles en Espagne&nbsp;<\/strong><\/h2>\n\n\n\n<p>En Espagne, vous aurez la chance de pouvoir assister aux f\u00eates et festivals les plus populaires tout au long de l\u2019ann\u00e9e.<\/p>\n\n\n\n<p>De la <strong>\u201cCabalgata de Reyes\u201d<\/strong> (<em>La parade des rois mages<\/em>) en janvier aux f\u00eates de No\u00ebl en d\u00e9cembre, en passant par les Carnavals (f\u00e9vrier), <strong>les Fallas<\/strong> (mars), <strong>la Semaine Sainte <\/strong>(mars-avril), les p\u00e8lerinages du mois de mai, les festivit\u00e9s du Corpus Christi, les c\u00e9l\u00e9brations de <strong>San Juan \u201c<\/strong><strong><em>Saint-Jean<\/em><\/strong><strong>\u201d<\/strong> ( juin), les Sanfermines (juillet), les f\u00eates populaires d&#8217;ao\u00fbt et de septembre ou les f\u00eates de la Toussaint (novembre) \u2026 La f\u00eate est pr\u00e9sente durant les<strong> 12 mois de l\u2019ann\u00e9e en Espagne<\/strong>.&nbsp;<\/p>\n\n\n\n<h2 class=\"wp-block-heading\"><strong>Les f\u00eates espagnoles que vous devez conna\u00eetre<\/strong><\/h2>\n\n\n\n<p>Ci-dessous, nous vous pr\u00e9sentons quelques-unes des f\u00eates les plus originales et les plus inoubliables que vous puissiez rencontrer pendant <a href=\"https:\/\/espanoleschool.com\/fr\/etudier-en-espagne\/\"><strong>vos \u00e9tudes en Espagne<\/strong><\/a>.<\/p>\n<\/div><\/div>\n\n\n\n<h3 class=\"wp-block-heading\"><strong>Tomatina de Bu\u00f1ol<\/strong><\/h3>\n\n\n\n<p>Situ\u00e9e \u00e0 l&#8217;int\u00e9rieur de la province de Valence, \u00e0 environ 40 minutes de la capitale, c\u2019est au c\u0153ur de la ville de <strong>Bu\u00f1ol<\/strong> que se d\u00e9roule la c\u00e9l\u00e8bre Tomatina le <strong>dernier mercredi d&#8217;ao\u00fbt.<\/strong><\/p>\n\n\n\n<p>Cette curieuse f\u00eate est c\u00e9l\u00e8bre dans le monde entier (elle a \u00e9t\u00e9 d\u00e9clar\u00e9e f\u00eate d&#8217;int\u00e9r\u00eat touristique international) et son \u00e9v\u00e9nement le plus important est une &#8220;<em>batalla campal<\/em>&#8221; au cours de laquelle <strong>des centaines de personnes se lancent des tomates<\/strong> (d&#8217;o\u00f9 le nom de la f\u00eate) sur la place de la ville. et ses rues avoisinantes.<\/p>\n\n\n\n<p>Aujourd&#8217;hui, l&#8217;acc\u00e8s \u00e0 La Tomatina est restreint et il est n\u00e9cessaire d&#8217;<strong>obtenir un billet pour y participer.<\/strong><\/p>\n\n\n\n<h3 class=\"wp-block-heading\"><strong>La Feria du mois d\u2019avril&nbsp;<\/strong><\/h3>\n\n\n\n<p>La Feria du mois d\u2019avril (ou foire d\u2019avril) trouve son origine dans <strong>une foire aux bestiaux<\/strong> organis\u00e9e au Prado de San Sebasti\u00e1n \u00e0 S\u00e9ville pour <strong>c\u00e9l\u00e9brer l&#8217;arriv\u00e9e du printemps.<\/strong><\/p>\n\n\n\n<p>Au fil du temps, son int\u00e9r\u00eat commercial a chang\u00e9 jusqu&#8217;\u00e0 devenir un \u00e9v\u00e9nement social dans lequel<strong> le plaisir, la gastronomie, la boisson et la musique sont les protagonistes.<\/strong><\/p>\n\n\n\n<p>Actuellement, la Foire d&#8217;Avril de S\u00e9ville accueille plus de <strong>1000 stands<\/strong> o\u00f9 toutes sortes de personnes, dont beaucoup sont v\u00eatues de costumes r\u00e9gionaux s\u00e9villans, dansent, mangent des &#8220;pesca\u00edtos fritos&#8221; et boivent du &#8220;rebujito&#8221;.<\/p>\n\n\n\n<p>Reconnue comme <strong>F\u00eate d&#8217;Int\u00e9r\u00eat Touristique International<\/strong>, la Foire d&#8217;Avril est l&#8217;une des c\u00e9l\u00e9brations les plus mondialement connues en Espagne notamment gr\u00e2ce \u00e0 son air &#8220;flamenco&#8221;.<\/p>\n\n\n\n<h3 class=\"wp-block-heading\"><strong>Les Fallas de Valencia<\/strong><\/h3>\n\n\n\n<p>Dans le classement des f\u00eates espagnoles, Les Fallas de Valence \u00e9tant <strong>l\u2019\u00e9v\u00e9nement le plus significatif et identitaire de notre ville<\/strong>, elles se devaient d\u2019y \u00eatre pr\u00e9sentes.<\/p>\n\n\n\n<p>Ces festivit\u00e9s en<strong> l&#8217;honneur de San Jos\u00e9 <\/strong>trouvent leur origine dans les c\u00e9l\u00e9brations de la guilde ( ou association ) des charpentiers de la ville et sont, petit \u00e0 petit, devenues un \u00e9v\u00e9nement o\u00f9 l&#8217;art et la tradition se rencontrent.<\/p>\n\n\n\n<p>Les protagonistes des Fallas de Valence sont les monuments des Fallas, de grandes <strong>constructions satiriques qui remplissent les rues de lumi\u00e8re et de couleur du 15 au 19 mars.<\/strong><\/p>\n\n\n\n<p>La musique et la poudre \u00e0 canon jouent \u00e9galement un r\u00f4le important dans cette f\u00eate populaire gr\u00e2ce aux <strong>feux d&#8217;artifice, aux c\u00e9l\u00e8bres masclet\u00e1s<\/strong> et aux festivals et groupes de musique que l&#8217;on retrouve dans tous les coins de la ville.<\/p>\n\n\n\n<p>La Nit del Foc, l&#8217;Offrande de Fleurs \u00e0 la Vierge et les d\u00e9fil\u00e9s avec les falleros v\u00eatus de costumes r\u00e9gionaux sont d&#8217;autres actes populaires de cette f\u00eate. Les Fallas portent elles aussi le titre de<strong> F\u00eate d&#8217;Int\u00e9r\u00eat Touristique International<\/strong>.<\/p>\n\n\n\n<p>D\u00e9couvrez les <a href=\"https:\/\/espanoleschool.com\/fr\/excursions-visiter-valencia-jour\/\">excursions d&#8217;une journ\u00e9e organis\u00e9es depuis Valence<\/a>.<\/p>\n\n\n<div class=\"wp-block-image\">\n<figure class=\"aligncenter size-full\"><img decoding=\"async\" width=\"825\" height=\"550\" src=\"https:\/\/espanoleschool.com\/escuela\/wp-content\/uploads\/2023\/06\/fallas-feste-spanien.jpg\" alt=\"fallas feste in spanien\" class=\"wp-image-46005\" srcset=\"https:\/\/espanoleschool.com\/escuela\/wp-content\/uploads\/2023\/06\/fallas-feste-spanien.jpg 825w, https:\/\/espanoleschool.com\/escuela\/wp-content\/uploads\/2023\/06\/fallas-feste-spanien-300x200.jpg 300w, https:\/\/espanoleschool.com\/escuela\/wp-content\/uploads\/2023\/06\/fallas-feste-spanien-768x512.jpg 768w\" sizes=\"(max-width: 825px) 100vw, 825px\" \/><\/figure><\/div>\n\n\n<h3 class=\"wp-block-heading\"><strong>Maures et Chr\u00e9tiens<\/strong><\/h3>\n\n\n\n<p>Tr\u00e8s populaires sur l\u2019ensemble de la Communaut\u00e9 valencienne, les f\u00eates des Maures et des Chr\u00e9tiens le sont tout particuli\u00e8rement dans la province d&#8217;Alicante, et plus pr\u00e9cis\u00e9ment dans des villes comme Alcoy ou Banyeres de Mariola ou bien sur la capitale d&#8217;Alicante.<\/p>\n\n\n\n<p>Cette c\u00e9l\u00e9bration comm\u00e9more<strong> la \u00ab Reconqu\u00eate \u00bb et la r\u00e9cup\u00e9ration par les chr\u00e9tiens des terres auparavant envahies par les musulmans au Moyen \u00c2ge<\/strong>. Cette f\u00eate a donc une importante <strong>composante historique et culturelle<\/strong>.<\/p>\n\n\n\n<p>Aujourd&#8217;hui, les f\u00eates des Maures et Chr\u00e9tiens frappent par la th\u00e9\u00e2tralit\u00e9 des Comparsas ou Filaes, dont les membres portent des v\u00eatements d&#8217;\u00e9poque dans leurs diff\u00e9rents chars et d\u00e9fil\u00e9s au rythme des pasodobles, des marches mauresques et des marches chr\u00e9tiennes.<\/p>\n\n\n\n<p>Une f\u00eate visuellement tr\u00e8s attrayante \u00e0 ne pas manquer si vous venez en Espagne.<\/p>\n\n\n\n<h3 class=\"wp-block-heading\">La Semana Santa<\/h3>\n\n\n\n<p>La Semana Santa ou Semaine Sainte est l&#8217;une des c\u00e9l\u00e9brations espagnoles les plus importantes. Les divers \u00e9v\u00e9nements religieux et populaires qui la composent se d\u00e9roulent sur l\u2019ensemble du pays.<\/p>\n\n\n\n<p><strong>C\u00e9l\u00e9br\u00e9e entre les mois de mars et avril<\/strong> et extr\u00eamement populaire, de nombreuses personnes participent \u00e0 la Semaine Sainte.<\/p>\n\n\n\n<p>L&#8217;une des plus connues est la Semaine Sainte andalouse, notamment \u00e0<strong> S\u00e9ville, Malaga ou Grenade.<\/strong><\/p>\n\n\n\n<p>Les marches processionnelles des villes de Le\u00f3n, Zamora ou Valladolid ont fait de la r\u00e9gion de Castille et Le\u00f3n l\u2019une des processions les plus solennelles.&nbsp;<\/p>\n\n\n\n<p>La R\u00e9gion de Murcie n\u2019est pas en reste gr\u00e2ce notamment aux processions de la capitale de Murcie et des villes comme Cartag\u00e8ne ou Lorca qui rassemblent des milliers de personnes chaque ann\u00e9e.<\/p>\n\n\n\n<p>Autre lieu d\u2019Espagne o\u00f9 la Semaine Sainte est particuli\u00e8rement c\u00e9l\u00e9br\u00e9e se trouve au Bas Arag\u00f3n, dans la province de Teruel. Y sont c\u00e9l\u00e9br\u00e9es les c\u00e9l\u00e8bres &#8220;Tamborradas&#8221; de Calanda, Alca\u00f1iz ou H\u00edjar.<\/p>\n\n\n\n<p>Et, bien s\u00fbr, nous ne pouvons pas oublier la<strong> Semaine Sainte dite \u201cmarinera\u201d de Valence<\/strong>, qui se d\u00e9roule dans les quartiers maritimes de notre ville (El Grao, Cabanyal et Malvarrosa).<\/p>\n\n\n\n<h3 class=\"wp-block-heading\"><strong>Saint Jean<\/strong><\/h3>\n\n\n\n<p>La f\u00eate de San Juan ( ou Saint-Jean) est c\u00e9l\u00e9br\u00e9e le <strong>24 juin, co\u00efncidant avec le solstice d&#8217;\u00e9t\u00e9.<\/strong><\/p>\n\n\n\n<p>F\u00eate d&#8217;origine pa\u00efenne \u00e9t\u00e9 int\u00e9gr\u00e9e au calendrier des f\u00eates religieuses en Espagne, elle place<strong> le feu au centre de ses c\u00e9l\u00e9brations<\/strong>.&nbsp;&nbsp;<\/p>\n\n\n\n<p>Les c\u00e9l\u00e9brations de San Juan ont lieu dans tout le pays, mais restent plus populaires dans les zones c\u00f4ti\u00e8res, notamment dans<strong> la nuit du 23 au 24 juin<\/strong>. Durant cette nuit, il est de tradition de faire<strong> des feux de joie sur la plage.<\/strong><\/p>\n\n\n\n<p>San Juan est \u00e9galement c\u00e9l\u00e9br\u00e9e dans les zones int\u00e9rieures du pays, comme \u00e0 Soria, o\u00f9 des feux de joie sont allum\u00e9s dans les rues pour comm\u00e9morer \u00ab la nuit la plus courte de l&#8217;ann\u00e9e \u00bb.<\/p>\n\n\n\n<p>Bien que de nombreuses municipalit\u00e9s valenciennes, dont Valence, c\u00e9l\u00e8brent cette nuit, elle est plus importante \u00e0 Alicante, o\u00f9 se d\u00e9roulent les<strong> &#8220;Hogueras de San Juan&#8221;<\/strong>.<\/p>\n\n\n\n<p>D\u00e9clar\u00e9e <strong>Bien d&#8217;Int\u00e9r\u00eat Touristique International et Bien d&#8217;Int\u00e9r\u00eat Culturel Immat\u00e9riel<\/strong>, lors de ces festivit\u00e9s, des monuments similaires aux Fallas de Valence sont plant\u00e9s dans les rues. Durant les f\u00eates de San Juan, chaque coin de la ville est rempli de lumi\u00e8re, de couleur, du bruit des p\u00e9tards et surtout, d\u2019ambiance festive inoubliable.<\/p>\n\n\n<div class=\"wp-block-image\">\n<figure class=\"aligncenter size-full\"><img decoding=\"async\" width=\"825\" height=\"550\" src=\"https:\/\/espanoleschool.com\/escuela\/wp-content\/uploads\/2023\/06\/spanish-festivals-1.jpg\" alt=\"fetes traditionnelles en espagne\" class=\"wp-image-48213\" srcset=\"https:\/\/espanoleschool.com\/escuela\/wp-content\/uploads\/2023\/06\/spanish-festivals-1.jpg 825w, https:\/\/espanoleschool.com\/escuela\/wp-content\/uploads\/2023\/06\/spanish-festivals-1-300x200.jpg 300w, https:\/\/espanoleschool.com\/escuela\/wp-content\/uploads\/2023\/06\/spanish-festivals-1-768x512.jpg 768w, https:\/\/espanoleschool.com\/escuela\/wp-content\/uploads\/2023\/06\/spanish-festivals-1-655x437.jpg 655w\" sizes=\"(max-width: 825px) 100vw, 825px\" \/><\/figure><\/div>\n\n\n<h2 class=\"wp-block-heading\"><strong>Profitez des c\u00e9l\u00e9brations les plus importantes d&#8217;Espagne pendant que vous \u00e9tudiez l&#8217;espagnol \u00e0 Valence<\/strong><\/h2>\n\n\n\n<p>Chez <a href=\"https:\/\/espanoleschool.com\/fr\/\"><strong>Espa\u00f1ol\u00e9<\/strong><\/a>, vous trouverez les meilleurs<strong> <\/strong><a href=\"https:\/\/espanoleschool.com\/fr\/cours-intensifs-espagnol\/\"><strong>cours d&#8217;espagnol intensifs de Valence<\/strong><\/a>.<\/p>\n\n\n\n<p>Dans notre \u00e9cole, nous nous engageons \u00e0 vous fournir une immersion linguistique et culturelle \u00e0 360\u00ba. Durant votre s\u00e9jour dans <a href=\"https:\/\/espanoleschool.com\/fr\/hebergement-valence\/\"><strong>notre logement \u00e0 Valence<\/strong><\/a> vous pourrez profiter des principales f\u00eates de la ville.<\/p>\n\n\n\n<p>De plus, Valence est une ville dot\u00e9e d\u2019un a\u00e9roport disposant de nombreuses lignes nationales, et de deux stations de trains vous permettant de vous rendre dans d&#8217;autres parties du pays afin de <strong>profiter de leurs traditions et f\u00eates populaires<\/strong>.<\/p>\n\n\n\n<h2 class=\"wp-block-heading\"><br><\/h2>\n","protected":false},"excerpt":{"rendered":"<p>Il est de notori\u00e9t\u00e9 publique que, nous, Espagnols, aimons les f\u00eates populaires. Nous aimons nous retrouver entre amis et en famille pour nous amuser, remplir les rues de joie et [&hellip;]<\/p>\n","protected":false},"author":18,"featured_media":46041,"comment_status":"closed","ping_status":"closed","sticky":false,"template":"","format":"standard","meta":{"content-type":"","rank_math_lock_modified_date":false,"_genesis_hide_title":false,"_genesis_hide_breadcrumbs":false,"_genesis_hide_singular_image":false,"_genesis_hide_footer_widgets":false,"_genesis_custom_body_class":"","_genesis_custom_post_class":"","_genesis_layout":"","_price":"","_stock":"","_tribe_ticket_header":"","_tribe_default_ticket_provider":"","_tribe_ticket_capacity":"0","_ticket_start_date":"","_ticket_end_date":"","_tribe_ticket_show_description":"","_tribe_ticket_show_not_going":false,"_tribe_ticket_use_global_stock":"","_tribe_ticket_global_stock_level":"","_global_stock_mode":"","_global_stock_cap":"","_tribe_rsvp_for_event":"","_tribe_ticket_going_count":"","_tribe_ticket_not_going_count":"","_tribe_tickets_list":[],"_tribe_ticket_has_attendee_info_fields":false,"footnotes":""},"categories":[469],"tags":[],"class_list":["post-46074","post","type-post","status-publish","format-standard","has-post-thumbnail","category-culture-et-gastronomie","entry"],"_links":{"self":[{"href":"https:\/\/espanoleschool.com\/fr\/wp-json\/wp\/v2\/posts\/46074","targetHints":{"allow":["GET"]}}],"collection":[{"href":"https:\/\/espanoleschool.com\/fr\/wp-json\/wp\/v2\/posts"}],"about":[{"href":"https:\/\/espanoleschool.com\/fr\/wp-json\/wp\/v2\/types\/post"}],"author":[{"embeddable":true,"href":"https:\/\/espanoleschool.com\/fr\/wp-json\/wp\/v2\/users\/18"}],"replies":[{"embeddable":true,"href":"https:\/\/espanoleschool.com\/fr\/wp-json\/wp\/v2\/comments?post=46074"}],"version-history":[{"count":9,"href":"https:\/\/espanoleschool.com\/fr\/wp-json\/wp\/v2\/posts\/46074\/revisions"}],"predecessor-version":[{"id":53193,"href":"https:\/\/espanoleschool.com\/fr\/wp-json\/wp\/v2\/posts\/46074\/revisions\/53193"}],"wp:featuredmedia":[{"embeddable":true,"href":"https:\/\/espanoleschool.com\/fr\/wp-json\/wp\/v2\/media\/46041"}],"wp:attachment":[{"href":"https:\/\/espanoleschool.com\/fr\/wp-json\/wp\/v2\/media?parent=46074"}],"wp:term":[{"taxonomy":"category","embeddable":true,"href":"https:\/\/espanoleschool.com\/fr\/wp-json\/wp\/v2\/categories?post=46074"},{"taxonomy":"post_tag","embeddable":true,"href":"https:\/\/espanoleschool.com\/fr\/wp-json\/wp\/v2\/tags?post=46074"}],"curies":[{"name":"wp","href":"https:\/\/api.w.org\/{rel}","templated":true}]}}