{"id":67095,"date":"2025-10-29T11:25:34","date_gmt":"2025-10-29T10:25:34","guid":{"rendered":"https:\/\/espanoleschool.com\/?p=67095"},"modified":"2026-04-01T18:15:02","modified_gmt":"2026-04-01T16:15:02","slug":"como-usar-frases-y-vocabulario-sobre-el-tiempo-en-espana","status":"publish","type":"post","link":"https:\/\/espanoleschool.com\/es\/como-usar-frases-y-vocabulario-sobre-el-tiempo-en-espana\/","title":{"rendered":"C\u00f3mo usar frases y vocabulario sobre el tiempo en Espa\u00f1a"},"content":{"rendered":"\n<h2 class=\"wp-block-heading\">\u00bfC\u00f3mo hablar del tiempo en espa\u00f1ol? Descubre c\u00f3mo usamos &#8220;hace&#8221;, &#8220;hay&#8221; y &#8220;est\u00e1&#8221; (con expresiones muy nuestras)<\/h2>\n\n\n\n<p>Hablar del tiempo es una de las formas m\u00e1s universales de iniciar una conversaci\u00f3n. Da igual que est\u00e9s esperando el bus, entrando a una tienda o saludando a un vecino en el ascensor: decir algo como <em>&#8220;Vaya calor hace hoy&#8221;<\/em> puede romper el hielo (y nunca mejor dicho).<\/p>\n\n\n\n<p>En espa\u00f1ol, especialmente en Espa\u00f1a, hablar del clima implica saber usar bien tres verbos muy concretos: <strong>&#8220;hacer&#8221;<\/strong>, <strong>&#8220;haber&#8221;<\/strong> (en su forma &#8220;hay&#8221;) y <strong>&#8220;estar&#8221;<\/strong>. Cada uno se usa en contextos distintos, y combinarlos con expresiones coloquiales te har\u00e1 sonar como un aut\u00e9ntico nativo.<\/p>\n\n\n\n<p>Vamos a desglosar c\u00f3mo se usa cada verbo con ejemplos claros y a\u00f1adiremos algunas expresiones que usamos los espa\u00f1oles para comentar el tiempo&#8230; con mucha gracia.<\/p>\n\n\n\n<h2 class=\"wp-block-heading\">1. El verbo &#8220;hacer&#8221;: el rey del clima<\/h2>\n\n\n\n<p>El verbo <strong>&#8220;hacer&#8221;<\/strong> es uno de los m\u00e1s usados para hablar del tiempo atmosf\u00e9rico. Lo empleamos especialmente con temperaturas y sensaciones t\u00e9rmicas.<\/p>\n\n\n\n<p><strong>Estructura:<\/strong> <strong><em>Hace + sustantivo\/clima<\/em><\/strong><\/p>\n\n\n\n<p><strong>Ejemplos con fr\u00edo o calor:<\/strong><\/p>\n\n\n\n<ul class=\"wp-block-list\">\n<li><em>Hace fr\u00edo<\/em><\/li>\n\n\n\n<li><em>Hace calor<\/em><\/li>\n\n\n\n<li><em>Hace fresquito<\/em><\/li>\n\n\n\n<li><em>Hace bochorno<\/em><\/li>\n<\/ul>\n\n\n\n<p><strong>Ejemplos con viento o sol:<\/strong><\/p>\n\n\n\n<ul class=\"wp-block-list\">\n<li><em>Hace viento<\/em><\/li>\n\n\n\n<li><em>Hace sol<\/em><\/li>\n\n\n\n<li><em>Hace buen\/mal tiempo<\/em><\/li>\n<\/ul>\n\n\n\n<p><strong>Algunas expresiones coloquiales:<\/strong><\/p>\n\n\n\n<ul class=\"wp-block-list\">\n<li><em>Hace un calor que flipas<\/em><\/li>\n\n\n\n<li><em>Hace un fr\u00edo que pela<\/em><\/li>\n\n\n\n<li><em>Hace un d\u00eda de perros<\/em><\/li>\n\n\n\n<li><em>Hace un sol de justicia<\/em><\/li>\n\n\n\n<li><em>Hace un viento que te lleva<\/em><\/li>\n<\/ul>\n\n\n\n<p>En resumen, usa &#8220;hacer&#8221; cuando quieras hablar del clima en general o de sensaciones t\u00e9rmicas.<\/p>\n\n\n\n<h2 class=\"wp-block-heading\">2. El verbo &#8220;haber&#8221;: hay tormenta, hay niebla&#8230;<\/h2>\n\n\n\n<p>Cuando hablamos de <strong>fen\u00f3menos atmosf\u00e9ricos<\/strong>, como tormentas, niebla o nubes, usamos el verbo <strong>&#8220;haber&#8221;<\/strong> en su forma impersonal: <strong>&#8220;hay&#8221;<\/strong> en presente.<\/p>\n\n\n\n<p><strong>Estructura:<\/strong> <strong><em>Hay + fen\u00f3meno meteorol\u00f3gico<\/em><\/strong><\/p>\n\n\n\n<p><strong>Ejemplos comunes:<\/strong><\/p>\n\n\n\n<ul class=\"wp-block-list\">\n<li><em>Hay niebla<\/em><\/li>\n\n\n\n<li><em>Hay tormenta<\/em><\/li>\n\n\n\n<li><em>Hay nubes<\/em><\/li>\n\n\n\n<li><em>Hay granizo<\/em><\/li>\n\n\n\n<li><em>Hay chubascos<\/em><\/li>\n<\/ul>\n\n\n\n<p>Tambi\u00e9n lo usamos con expresiones de probabilidad o expectativa, como:<\/p>\n\n\n\n<ul class=\"wp-block-list\">\n<li><em>Hay posibilidad de lluvia<\/em><\/li>\n\n\n\n<li><em>Hay alerta por viento<\/em><\/li>\n<\/ul>\n\n\n\n<p><strong>Algunas expresiones coloquiales:<\/strong><\/p>\n\n\n\n<ul class=\"wp-block-list\">\n<li><em>Hay una rasca que no veas<\/em><\/li>\n\n\n\n<li><em>Hay una calima que no se ve un pimiento<\/em><\/li>\n\n\n\n<li><em>Hay una nube negra que da miedo<\/em><\/li>\n<\/ul>\n\n\n\n<p>\u00bfNotas la diferencia? Cuando nombramos <strong>fen\u00f3menos<\/strong>, usamos <strong>&#8220;hay&#8221;<\/strong>, no &#8220;hace&#8221; ni &#8220;est\u00e1&#8221;.<\/p>\n\n\n\n<h2 class=\"wp-block-heading\">3. El verbo &#8220;estar&#8221;: para estados del cielo o la temperatura<\/h2>\n\n\n\n<p>El verbo <strong>&#8220;estar&#8221;<\/strong> se utiliza para describir el estado <strong>actual<\/strong> del cielo o la situaci\u00f3n del clima.<\/p>\n\n\n\n<p><strong>Estructura:<\/strong> <strong><em>Estar + adjetivo\/participio<\/em><\/strong><\/p>\n\n\n\n<p><strong>Ejemplos t\u00edpicos:<\/strong><\/p>\n\n\n\n<ul class=\"wp-block-list\">\n<li><em>Est\u00e1 nublado<\/em><\/li>\n\n\n\n<li><em>Est\u00e1 despejado<\/em><\/li>\n\n\n\n<li><em>Est\u00e1 lloviendo<\/em><\/li>\n\n\n\n<li><em>Est\u00e1 nevando<\/em><\/li>\n\n\n\n<li><em>Est\u00e1 h\u00famedo<\/em><\/li>\n\n\n\n<li><em>Est\u00e1 el cielo cubierto<\/em><\/li>\n<\/ul>\n\n\n\n<p><strong>\u00bfY si queremos decir que el d\u00eda est\u00e1 lluvioso?<\/strong><\/p>\n\n\n\n<ul class=\"wp-block-list\">\n<li><em>El d\u00eda est\u00e1 lluvioso<\/em><\/li>\n\n\n\n<li><em>Est\u00e1 el d\u00eda feo<\/em><\/li>\n\n\n\n<li><em>Est\u00e1 el tiempo revuelto<\/em><\/li>\n<\/ul>\n\n\n\n<p><strong>Expresiones coloquiales:<\/strong><\/p>\n\n\n\n<ul class=\"wp-block-list\">\n<li><em>Est\u00e1 cayendo la del pulpo<\/em><\/li>\n\n\n\n<li><em>Est\u00e1 lloviendo a c\u00e1ntaros<\/em><\/li>\n\n\n\n<li><em>Est\u00e1 que se cae el cielo<\/em><\/li>\n\n\n\n<li><em>Est\u00e1 el d\u00eda tontorr\u00f3n<\/em><\/li>\n<\/ul>\n\n\n\n<p><strong>&#8220;Estar&#8221;<\/strong> nos sirve para describir <strong>c\u00f3mo est\u00e1 el cielo o el ambiente<\/strong>, no tanto lo que &#8220;hace&#8221;.<\/p>\n\n\n<div class=\"wp-block-image\">\n<figure class=\"aligncenter size-full\"><a href=\"https:\/\/espanoleschool.com\/es\/contacto\/\"><img decoding=\"async\" width=\"800\" height=\"400\" src=\"https:\/\/espanoleschool.com\/escuela\/wp-content\/uploads\/2025\/06\/ES-CTAs-Contacto-800x400px-WEB-4.jpg\" alt=\"\" class=\"wp-image-58553\" srcset=\"https:\/\/espanoleschool.com\/escuela\/wp-content\/uploads\/2025\/06\/ES-CTAs-Contacto-800x400px-WEB-4.jpg 800w, https:\/\/espanoleschool.com\/escuela\/wp-content\/uploads\/2025\/06\/ES-CTAs-Contacto-800x400px-WEB-4-300x150.jpg 300w, https:\/\/espanoleschool.com\/escuela\/wp-content\/uploads\/2025\/06\/ES-CTAs-Contacto-800x400px-WEB-4-768x384.jpg 768w, https:\/\/espanoleschool.com\/escuela\/wp-content\/uploads\/2025\/06\/ES-CTAs-Contacto-800x400px-WEB-4-655x328.jpg 655w\" sizes=\"(max-width: 800px) 100vw, 800px\" \/><\/a><\/figure><\/div>\n\n\n<h2 class=\"wp-block-heading\">4. Diferencias clave entre \u201chace\u201d, \u201chay\u201d y \u201cest\u00e1\u201d<\/h2>\n\n\n\n<p>A veces cuesta saber cu\u00e1l usar. Aqu\u00ed tienes una gu\u00eda r\u00e1pida:<\/p>\n\n\n\n<figure class=\"wp-block-table has-small-font-size\"><table data-mtr-unique-id=\"776865f82e4b5e00b3625446416509d6-1\" class=\"has-fixed-layout mtr-table mtr-tr-td\"><tbody><tr><td data-mtr-content=\"Lo que quieres decir\" class=\"mtr-td-tag\"><div class=\"mtr-cell-content\"><strong>Lo que quieres decir<\/strong><\/div><\/td><td data-mtr-content=\"Verbo correcto\" class=\"mtr-td-tag\"><div class=\"mtr-cell-content\"><strong>Verbo correcto<\/strong><\/div><\/td><td data-mtr-content=\"Ejemplo\" class=\"mtr-td-tag\"><div class=\"mtr-cell-content\"><strong>Ejemplo<\/strong><\/div><\/td><\/tr><tr><td data-mtr-content=\"Lo que quieres decir\" class=\"mtr-td-tag\"><div class=\"mtr-cell-content\">Temperatura o sensaci\u00f3n<\/div><\/td><td data-mtr-content=\"Verbo correcto\" class=\"mtr-td-tag\"><div class=\"mtr-cell-content\"><strong>hacer<\/strong><\/div><\/td><td data-mtr-content=\"Ejemplo\" class=\"mtr-td-tag\"><div class=\"mtr-cell-content\">Hace fr\u00edo \/ Hace calor<\/div><\/td><\/tr><tr><td data-mtr-content=\"Lo que quieres decir\" class=\"mtr-td-tag\"><div class=\"mtr-cell-content\">Fen\u00f3meno atmosf\u00e9rico (niebla, tormenta\u2026)<\/div><\/td><td data-mtr-content=\"Verbo correcto\" class=\"mtr-td-tag\"><div class=\"mtr-cell-content\"><strong>haber<\/strong><\/div><\/td><td data-mtr-content=\"Ejemplo\" class=\"mtr-td-tag\"><div class=\"mtr-cell-content\">Hay niebla \/ Hay tormenta<\/div><\/td><\/tr><tr><td data-mtr-content=\"Lo que quieres decir\" class=\"mtr-td-tag\"><div class=\"mtr-cell-content\">Estado del cielo<\/div><\/td><td data-mtr-content=\"Verbo correcto\" class=\"mtr-td-tag\"><div class=\"mtr-cell-content\"><strong>estar<\/strong><\/div><\/td><td data-mtr-content=\"Ejemplo\" class=\"mtr-td-tag\"><div class=\"mtr-cell-content\">Est\u00e1 nublado \/ Est\u00e1 despejado<\/div><\/td><\/tr><tr><td data-mtr-content=\"Lo que quieres decir\" class=\"mtr-td-tag\"><div class=\"mtr-cell-content\">Acci\u00f3n en progreso (llover, nevar\u2026)<\/div><\/td><td data-mtr-content=\"Verbo correcto\" class=\"mtr-td-tag\"><div class=\"mtr-cell-content\"><strong>estar<\/strong><\/div><\/td><td data-mtr-content=\"Ejemplo\" class=\"mtr-td-tag\"><div class=\"mtr-cell-content\">Est\u00e1 lloviendo \/ Est\u00e1 nevando<\/div><\/td><\/tr><\/tbody><\/table><\/figure>\n\n\n\n<h2 class=\"wp-block-heading\">5. Algunas frases t\u00edpicas espa\u00f1olas para comentar el tiempo<\/h2>\n\n\n\n<p>Los espa\u00f1oles somos expertos en hablar del tiempo&#8230; \u00a1y en hacerlo con gracia! Aqu\u00ed te dejo algunas frases muy nuestras que puedes usar para sonar m\u00e1s natural:<\/p>\n\n\n\n<ul class=\"wp-block-list\">\n<li><em>Menudo d\u00eda m\u00e1s raro hace, \u00bfno?<\/em><\/li>\n\n\n\n<li><em>Parece que va a caer una buena<\/em><\/li>\n\n\n\n<li><em>Ni fr\u00edo ni calor, el tiempo est\u00e1 tonto<\/em><\/li>\n\n\n\n<li><em>Hoy hace un d\u00eda de los que dan ganas de no salir de la cama<\/em><\/li>\n\n\n\n<li><em>Est\u00e1 el d\u00eda para manta y peli<\/em><\/li>\n\n\n\n<li><em>Esto no es lluvia, esto es diluvio<\/em><\/li>\n\n\n\n<li><em>Con este viento se te vuela hasta el alma<\/em><\/li>\n\n\n\n<li><em>Hace un fr\u00edo que ni en Siberia<\/em><\/li>\n\n\n\n<li><em>Hay una humedad que se te mete en los huesos<\/em><\/li>\n<\/ul>\n\n\n\n<p>Estas expresiones aportan un toque de humor y naturalidad que encantan en las conversaciones cotidianas. Tambi\u00e9n muestran c\u00f3mo usamos el idioma con creatividad.<\/p>\n\n\n\n<h2 class=\"wp-block-heading\">6. Bonus: \u00bfY si quiero preguntar por el tiempo?<\/h2>\n\n\n\n<p>Si quieres <strong>preguntar c\u00f3mo est\u00e1 el tiempo<\/strong>, aqu\u00ed tienes algunas formas comunes:<\/p>\n\n\n\n<ul class=\"wp-block-list\">\n<li><em>\u00bfQu\u00e9 tiempo hace?<\/em><\/li>\n\n\n\n<li><em>\u00bfC\u00f3mo est\u00e1 el d\u00eda?<\/em><\/li>\n\n\n\n<li><em>\u00bfHa salido el sol?<\/em><\/li>\n\n\n\n<li><em>\u00bfSigue lloviendo?<\/em><\/li>\n\n\n\n<li><em>\u00bfHay muchas nubes?<\/em><\/li>\n\n\n\n<li><em>\u00bfHace mucho fr\u00edo hoy?<\/em><\/li>\n<\/ul>\n\n\n\n<p>\u00a1Y por supuesto, puedes responder con cualquiera de las expresiones que hemos visto!<\/p>\n\n\n\n<h2 class=\"wp-block-heading\">Conclusi\u00f3n<\/h2>\n\n\n\n<p>Hablar del tiempo en espa\u00f1ol no es solo cuesti\u00f3n de vocabulario: tambi\u00e9n es una oportunidad para conectar, para comentar la vida diaria y para expresarse de forma creativa.<\/p>\n\n\n\n<p>Los verbos <strong>&#8220;hacer&#8221;<\/strong>, <strong>&#8220;haber&#8221;<\/strong> y <strong>&#8220;estar&#8221;<\/strong> son tus mejores aliados para describir lo que pasa fuera de casa. Y si adem\u00e1s le a\u00f1ades un par de expresiones coloquiales, \u00a1te vas a ganar a los espa\u00f1oles!<\/p>\n\n\n\n<p>As\u00ed que la pr\u00f3xima vez que salgas a la calle y mires al cielo, piensa: <em>\u00bfhace, hay o est\u00e1&#8230;?<\/em> Y luego, dilo con estilo.<\/p>\n","protected":false},"excerpt":{"rendered":"<p>\u00bfC\u00f3mo hablar del tiempo en espa\u00f1ol? Descubre c\u00f3mo usamos &#8220;hace&#8221;, &#8220;hay&#8221; y &#8220;est\u00e1&#8221; (con expresiones muy nuestras) Hablar del tiempo es una de las formas m\u00e1s universales de iniciar una [&hellip;]<\/p>\n","protected":false},"author":33,"featured_media":67106,"comment_status":"closed","ping_status":"open","sticky":false,"template":"","format":"standard","meta":{"content-type":"","rank_math_lock_modified_date":false,"_genesis_hide_title":false,"_genesis_hide_breadcrumbs":false,"_genesis_hide_singular_image":false,"_genesis_hide_footer_widgets":false,"_genesis_custom_body_class":"","_genesis_custom_post_class":"","_genesis_layout":"","_price":"","_stock":"","_tribe_ticket_header":"","_tribe_default_ticket_provider":"","_tribe_ticket_capacity":"0","_ticket_start_date":"","_ticket_end_date":"","_tribe_ticket_show_description":"","_tribe_ticket_show_not_going":false,"_tribe_ticket_use_global_stock":"","_tribe_ticket_global_stock_level":"","_global_stock_mode":"","_global_stock_cap":"","_tribe_rsvp_for_event":"","_tribe_ticket_going_count":"","_tribe_ticket_not_going_count":"","_tribe_tickets_list":[],"_tribe_ticket_has_attendee_info_fields":false,"footnotes":""},"categories":[532],"tags":[],"class_list":["post-67095","post","type-post","status-publish","format-standard","has-post-thumbnail","category-espanol-en-uso-es","entry"],"_links":{"self":[{"href":"https:\/\/espanoleschool.com\/es\/wp-json\/wp\/v2\/posts\/67095","targetHints":{"allow":["GET"]}}],"collection":[{"href":"https:\/\/espanoleschool.com\/es\/wp-json\/wp\/v2\/posts"}],"about":[{"href":"https:\/\/espanoleschool.com\/es\/wp-json\/wp\/v2\/types\/post"}],"author":[{"embeddable":true,"href":"https:\/\/espanoleschool.com\/es\/wp-json\/wp\/v2\/users\/33"}],"replies":[{"embeddable":true,"href":"https:\/\/espanoleschool.com\/es\/wp-json\/wp\/v2\/comments?post=67095"}],"version-history":[{"count":2,"href":"https:\/\/espanoleschool.com\/es\/wp-json\/wp\/v2\/posts\/67095\/revisions"}],"predecessor-version":[{"id":67114,"href":"https:\/\/espanoleschool.com\/es\/wp-json\/wp\/v2\/posts\/67095\/revisions\/67114"}],"wp:featuredmedia":[{"embeddable":true,"href":"https:\/\/espanoleschool.com\/es\/wp-json\/wp\/v2\/media\/67106"}],"wp:attachment":[{"href":"https:\/\/espanoleschool.com\/es\/wp-json\/wp\/v2\/media?parent=67095"}],"wp:term":[{"taxonomy":"category","embeddable":true,"href":"https:\/\/espanoleschool.com\/es\/wp-json\/wp\/v2\/categories?post=67095"},{"taxonomy":"post_tag","embeddable":true,"href":"https:\/\/espanoleschool.com\/es\/wp-json\/wp\/v2\/tags?post=67095"}],"curies":[{"name":"wp","href":"https:\/\/api.w.org\/{rel}","templated":true}]}}