{"id":19806,"date":"2022-07-07T12:47:00","date_gmt":"2022-07-07T10:47:00","guid":{"rendered":"https:\/\/espanoleschool.com\/?p=19806"},"modified":"2025-01-21T11:40:02","modified_gmt":"2025-01-21T10:40:02","slug":"batalla-de-flores-en-valencia-que-es-y-cuando-se-celebra","status":"publish","type":"post","link":"https:\/\/espanoleschool.com\/es\/batalla-de-flores-en-valencia-que-es-y-cuando-se-celebra\/","title":{"rendered":"Batalla de flores en Valencia: Qu\u00e9 es y cu\u00e1ndo se celebra"},"content":{"rendered":"\n<p>Ha llegado el verano y en Valencia se vive en la calle donde disfrutamos con<strong> los vecinos, los amigos y aquellas personas que vienen a esta tierra a veranear<\/strong><strong>.<\/strong> \u00a1Qu\u00e9 mejor forma de pasarlo bien que en la Gran Fira de Valencia (la antigua Feria de Julio) con una tradici\u00f3n de m\u00e1s de 150 a\u00f1os y donde puedes acudir a un mont\u00f3n de actividades durante todo el mes de julio y cuyo <strong>acto m\u00e1s popular y representativo es la conocida como Batalla de flores.<\/strong><\/p>\n\n\n\n<p>Se trata de un espect\u00e1culo que <strong>consiste en una batalla festiva de flores entre las diversas carrozas y coches de caballos <\/strong>que desfilan y el p\u00fablico que acude como espectador. La batalla de flores de Valencia <strong>tiene lugar el \u00faltimo domingo de julio<\/strong> y pone el punto final a la Gran Feria de Julio. La v\u00edspera se celebra en la Ciudad del Artista Fallero la Noche de la Pinch\u00f3, en la cual los maestros carroceros acaban de pinchar la flor en las carrozas que desfilar\u00e1n en la Batalla de Flores.<\/p>\n\n\n\n<p>Es una preciosa y original guerra en la que las falleras, ataviadas con el traje regional valenciano y montadas en sus carrozas,<strong> desfilan por el Paseo de la Alameda y lanzan flores al p\u00fablico<\/strong>. Mientras se protegen con raquetas de los miles y miles de claveles de colores que, a su vez, les lanza el p\u00fablico.<\/p>\n\n\n\n<p>La Batalla de Flores este a\u00f1o 2022,<strong> tendr\u00e1 30 carrozas y nueve coches de caballos, <\/strong>donde se sentar\u00e1n las falleras preseleccionadas, las Falleras Mayores y representantes de otras fiestas tradicionales o entidades culturales y se lanzar\u00e1n 1.500.000 de clavellones. Las carrozas ir\u00e1n decoradas con otros tantos miles de flores, obra que realizan de manera magistral artistas falleros u otros profesionales del gremio.<\/p>\n\n\n\n<p><strong>Te puede interesar\u2192<\/strong> <a href=\"https:\/\/espanoleschool.com\/es\/vuelven-las-fallas-actividades-y-horarios\/\">Vuelven las fallas<\/a><\/p>\n\n\n\n<p>Tras la gran batalla floral, el Paseo de la Alameda de Valencia se convierte en una enorme moqueta florida, con <strong>un aroma que se deja sentir por toda la ciudad.<\/strong><\/p>\n\n\n\n<h2 class=\"wp-block-heading\">Cu\u00e1l es el origen de la Batalla de flores de Valencia<\/h2>\n\n\n\n<p><strong>Valencia fue la primera ciudad de Espa\u00f1a en celebrar esta fiesta y la segunda ciudad en el mundo<\/strong>. El promotor de esta singular batalla fue D. Pascual Fr\u00edgola, Bar\u00f3n de Cortes de Pall\u00e1s, que introdujo la batalla floral en Espa\u00f1a a semejanza del popular festejo del mismo nombre que se celebraba <strong>en verano en la ciudad de Niza<\/strong> (Francia).&nbsp;<\/p>\n\n\n\n<p>La primera batalla tuvo lugar en 1891.<strong> En el a\u00f1o 2016 se celebr\u00f3 el 125 aniversario de esta fiesta tan espectacular.<\/strong> Tradicionalmente, la Batalla de Flores se celebraba el \u00faltimo d\u00eda del mes, el 31 de julio, hasta que hace algunas d\u00e9cadas pas\u00f3 al \u00faltimo domingo de julio.<\/p>\n\n\n\n<p>A principio la Batalla de Flores <strong>consist\u00eda en un desfile de carruajes decorados con plantas y flores <\/strong>por floristas locales, desde los que algunas se\u00f1oritas y j\u00f3venes disparaban clavelones. Pasadas las primeras d\u00e9cadas del siglo XX se incorporaron las actuales carrozas realizadas por artistas falleros, que compiten por el premio a la mejor carroza.<\/p>\n\n\n\n<p>Las carrozas llevan a las falleras mayores de Valencia, a las falleras mayores de distintas comisiones y agrupaciones falleras, as\u00ed como a las aspirantes a falleras mayores de Valencia y cortes de honor y tambi\u00e9n otros colectivos festivos y c\u00edvicos.<\/p>\n\n\n\n<p><strong>La batalla comienza, como no pod\u00eda ser de otra manera en Valencia, con el disparo de una carcasa<\/strong>. Los primeros en desfilar son los <em>dol\u00e7ainers<\/em> y <em>tabaleters<\/em>, acompa\u00f1ados por caballos ornamentados que van montados por parejas vestidos con trajes antiguos de la huerta.<\/p>\n\n\n\n<p>A continuaci\u00f3n,<strong> desfilan las carrozas, que son valoradas por un jurado<\/strong> y al t\u00e9rmino de la batalla recibir\u00e1n los correspondientes premios.&nbsp; El m\u00e1s importante de todos ellos es el denominado Bar\u00f3n de Cortes, en honor a Pascual Fr\u00edgola, bar\u00f3n de Cortes y que premia la m\u00e1s perfecta decoraci\u00f3n con flor natural.&nbsp;<\/p>\n\n\n\n<p>Una vez se han repartido todos los premios empieza propiamente la Batalla de Flores, donde<strong> se lanzan flores desde las carrozas a los valencianos y espectadores y se llena todo el Paseo de la Alameda de un manto de flores<\/strong>. Vale la pena acudir y disfrutar de esta batalla tan peculiar y ver la atm\u00f3sfera de alegr\u00eda que se vive durante toda la batalla y el recorrido de las carrozas.<\/p>\n\n\n\n<p>Si quieres saber <a href=\"https:\/\/espanoleschool.com\/es\/que-hacer-en-verano-en-valencia-7-planes-irresistibles\/\">qu\u00e9 planes hay para hacer en Valencia este verano<\/a> con ni\u00f1os, con la familia y con amigos, puedes ponerte en contacto con nosotros en Espa\u00f1ol\u00e9 y estaremos encantados de<strong> recomendarte los mejores planes y consejos <\/strong>para que disfrutes de tus vacaciones en esta hermosa ciudad.<\/p>\n","protected":false},"excerpt":{"rendered":"<p>Ha llegado el verano y en Valencia se vive en la calle donde disfrutamos con los vecinos, los amigos y aquellas personas que vienen a esta tierra a veranear. \u00a1Qu\u00e9 [&hellip;]<\/p>\n","protected":false},"author":18,"featured_media":19807,"comment_status":"open","ping_status":"open","sticky":false,"template":"","format":"standard","meta":{"content-type":"","rank_math_lock_modified_date":false,"_genesis_hide_title":false,"_genesis_hide_breadcrumbs":false,"_genesis_hide_singular_image":false,"_genesis_hide_footer_widgets":false,"_genesis_custom_body_class":"","_genesis_custom_post_class":"","_genesis_layout":"","_price":"","_stock":"","_tribe_ticket_header":"","_tribe_default_ticket_provider":"","_tribe_ticket_capacity":"0","_ticket_start_date":"","_ticket_end_date":"","_tribe_ticket_show_description":"","_tribe_ticket_show_not_going":false,"_tribe_ticket_use_global_stock":"","_tribe_ticket_global_stock_level":"","_global_stock_mode":"","_global_stock_cap":"","_tribe_rsvp_for_event":"","_tribe_ticket_going_count":"","_tribe_ticket_not_going_count":"","_tribe_tickets_list":[],"_tribe_ticket_has_attendee_info_fields":false,"footnotes":""},"categories":[39,54],"tags":[],"class_list":["post-19806","post","type-post","status-publish","format-standard","has-post-thumbnail","category-cultura-y-gastronomia","category-valencia","entry"],"_links":{"self":[{"href":"https:\/\/espanoleschool.com\/es\/wp-json\/wp\/v2\/posts\/19806","targetHints":{"allow":["GET"]}}],"collection":[{"href":"https:\/\/espanoleschool.com\/es\/wp-json\/wp\/v2\/posts"}],"about":[{"href":"https:\/\/espanoleschool.com\/es\/wp-json\/wp\/v2\/types\/post"}],"author":[{"embeddable":true,"href":"https:\/\/espanoleschool.com\/es\/wp-json\/wp\/v2\/users\/18"}],"replies":[{"embeddable":true,"href":"https:\/\/espanoleschool.com\/es\/wp-json\/wp\/v2\/comments?post=19806"}],"version-history":[{"count":4,"href":"https:\/\/espanoleschool.com\/es\/wp-json\/wp\/v2\/posts\/19806\/revisions"}],"predecessor-version":[{"id":19818,"href":"https:\/\/espanoleschool.com\/es\/wp-json\/wp\/v2\/posts\/19806\/revisions\/19818"}],"wp:featuredmedia":[{"embeddable":true,"href":"https:\/\/espanoleschool.com\/es\/wp-json\/wp\/v2\/media\/19807"}],"wp:attachment":[{"href":"https:\/\/espanoleschool.com\/es\/wp-json\/wp\/v2\/media?parent=19806"}],"wp:term":[{"taxonomy":"category","embeddable":true,"href":"https:\/\/espanoleschool.com\/es\/wp-json\/wp\/v2\/categories?post=19806"},{"taxonomy":"post_tag","embeddable":true,"href":"https:\/\/espanoleschool.com\/es\/wp-json\/wp\/v2\/tags?post=19806"}],"curies":[{"name":"wp","href":"https:\/\/api.w.org\/{rel}","templated":true}]}}