{"id":58946,"date":"2025-06-30T10:56:52","date_gmt":"2025-06-30T08:56:52","guid":{"rendered":"https:\/\/espanoleschool.com\/?p=58946"},"modified":"2025-07-21T18:01:48","modified_gmt":"2025-07-21T16:01:48","slug":"die-haeufigsten-fehler-beim-spanischlernen","status":"publish","type":"post","link":"https:\/\/espanoleschool.com\/de\/die-haeufigsten-fehler-beim-spanischlernen\/","title":{"rendered":"Die h\u00e4ufigsten Fehler beim Spanischlernen"},"content":{"rendered":"\n<p>Wenn du dich dazu entschlossen hast, Spanisch zu lernen, hast du sicherlich schon bemerkt, dass diese Sprache ihre eigenen Herausforderungen mit sich bringt. Jeder Lernende bringt sein eigenes sprachliches Gep\u00e4ck mit. Englisch-, Franz\u00f6sisch-, Italienisch- oder Deutschsprachige stehen jeweils vor spezifischen H\u00fcrden, die \u00fcber die grundlegende Grammatik hinausgehen.<\/p>\n\n\n\n<p>Das Faszinierende am Sprachenlernen ist: Diese Stolpersteine sind v\u00f6llig vorhersehbar \u2013 und somit vermeidbar. Mit den richtigen Strategien und kontinuierlichem \u00dcben kannst du deinen Weg zur fl\u00fcssigen Kommunikation erheblich beschleunigen. Der Schl\u00fcssel liegt darin, diese Muster <strong>fr\u00fchzeitig zu erkennen<\/strong>, bevor sie sich als Fehler festsetzen.<\/p>\n\n\n\n<h2 class=\"wp-block-heading\"><strong>Warum machen wir beim Spanischlernen Fehler?<\/strong><\/h2>\n\n\n\n<p>Fehler entstehen vor allem durch <strong>Unterschiede zwischen der Muttersprache und dem Spanischen<\/strong>. Jede Sprache hat ihre eigene Grammatik, Lautstruktur und kulturelle Logik, die beeinflusst, wie wir neue Informationen verarbeiten. Einer der wichtigsten Faktoren ist <strong>die sogenannte Sprachinterferenz<\/strong>: Unser Gehirn wendet bekannte Regeln auf die neue Sprache an \u2013 das f\u00fchrt zu Verwechslungen und Fehlern.<\/p>\n\n\n\n<p>Auch ein <strong>Mangel an \u00dcbung in echten Situationen<\/strong> sorgt daf\u00fcr, dass viele Lernende unbewusst falsche Strukturen \u00fcbernehmen. Deshalb entscheiden sich immer mehr Menschen f\u00fcr <strong>Sprachimmersion<\/strong>, um durch st\u00e4ndigen Kontakt mit der Sprache im Alltag schneller Fortschritte zu machen.<\/p>\n\n\n\n<h2 class=\"wp-block-heading\"><strong>Die h\u00e4ufigsten Fehler \u2013 und wie du sie vermeidest<\/strong><\/h2>\n\n\n\n<h3 class=\"wp-block-heading\"><strong>Grammatikfehler<\/strong><\/h3>\n\n\n\n<ul class=\"wp-block-list\">\n<li><strong>Verwechslung von \u201eser\u201c und \u201eestar\u201c<\/strong>: Der Klassiker. <em>\u201eSer\u201c<\/em> wird f\u00fcr dauerhafte Eigenschaften verwendet (<em>\u201eSoy alta\u201c, \u201eEs m\u00e9dico\u201c<\/em>), <em>\u201eestar\u201c<\/em> f\u00fcr vor\u00fcbergehende Zust\u00e4nde oder Orte (<em>\u201eEstoy cansada\u201c, \u201eEst\u00e1 en casa\u201c<\/em>).<br>\u2192 Tipp: \u00dcbe mit typischen Alltagss\u00e4tzen!<br><\/li>\n\n\n\n<li><strong>Probleme mit dem Subjuntivo<\/strong>: Der Subjunktiv dr\u00fcckt Wunsch, Zweifel oder Gef\u00fchle aus. Viele vermeiden ihn, aber er ist entscheidend f\u00fcr nat\u00fcrlich klingendes Spanisch.<br>\u2192 Starte mit S\u00e4tzen wie <em>\u201eEspero que tengas un buen d\u00eda\u201c<\/em>, <em>\u201eNo creo que llueva\u201c<\/em>.<br><\/li>\n\n\n\n<li><strong>Zeitformen im Pr\u00e4teritum<\/strong>: Besonders <em>pret\u00e9rito indefinido<\/em> und <em>imperfecto<\/em> sorgen f\u00fcr Verwirrung.<br>\n<ul class=\"wp-block-list\">\n<li><em>Indefinido<\/em> beschreibt abgeschlossene Handlungen: <em>\u201eAyer com\u00ed paella\u201c<\/em>.<br><\/li>\n\n\n\n<li><em>Imperfecto<\/em> beschreibt gewohnte oder laufende Handlungen: <em>\u201eCuando era ni\u00f1o, com\u00eda paella los domingos\u201c<\/em>.<br><\/li>\n<\/ul>\n<\/li>\n\n\n\n<li><strong>Fehler bei Pr\u00e4positionen<\/strong>: <a href=\"https:\/\/espanoleschool.com\/de\/unterschied-por-para\/\"><em>\u201epor\u201c<\/em> und <em>\u201epara\u201c<\/em><\/a> werden oft verwechselt.<br>\n<ul class=\"wp-block-list\">\n<li><em>\u201epor\u201c<\/em> steht f\u00fcr Ursache oder Mittel: <em>\u201eLlegu\u00e9 tarde por el tr\u00e1fico\u201c<\/em>.<br><\/li>\n\n\n\n<li><em>\u201epara\u201c<\/em> dr\u00fcckt Ziel oder Zweck aus: <em>\u201eEstudio para el examen\u201c<\/em>.<\/li>\n<\/ul>\n<\/li>\n<\/ul>\n\n\n\n<h4 class=\"wp-block-heading\"><strong>Wortschatz und Ausdrucksfehler<\/strong><\/h4>\n\n\n\n<ul class=\"wp-block-list\">\n<li><strong>Falsche Freunde<\/strong>: W\u00f6rter, die \u00e4hnlich klingen, aber etwas anderes bedeuten:<br>\n<ul class=\"wp-block-list\">\n<li>Spanisch\u2013Englisch: <em>\u201eactual\u201c<\/em> = <em>\u201ederzeit\u201c<\/em>, nicht <em>\u201etats\u00e4chlich\u201c<\/em>; <em>\u201e\u00e9xito\u201c<\/em> = <em>\u201eErfolg\u201c<\/em>, nicht <em>\u201eAusgang\u201c<\/em>.<br><\/li>\n\n\n\n<li>Spanisch\u2013Franz\u00f6sisch: <em>\u201eg\u00e2teau\u201c<\/em> klingt wie <em>\u201egato\u201c<\/em>, hei\u00dft aber <em>\u201eKuchen\u201c<\/em>; <em>\u201edos\u201c<\/em> = <em>\u201eR\u00fccken\u201c<\/em>, nicht Zahl \u201ezwei\u201c.<br><\/li>\n\n\n\n<li>Spanisch\u2013Italienisch: <em>\u201eburro\u201c<\/em> = <em>\u201eButter\u201c<\/em>, nicht <em>Esel<\/em>; <em>\u201ecarta\u201c<\/em> = <em>\u201eSpeisekarte\u201c<\/em>, nicht <em>Papier<\/em>.<br><\/li>\n<\/ul>\n<\/li>\n\n\n\n<li><strong>Falsch verstandene Redewendungen<\/strong>: Ausdr\u00fccke wie <em>\u201eestar hecho polvo\u201c<\/em> (total ersch\u00f6pft) oder <em>\u201etomar el pelo\u201c<\/em> (jemanden auf den Arm nehmen) verwirren, wenn man sie w\u00f6rtlich \u00fcbersetzt. \u2192 Lerne Redewendungen im Kontext \u2013 nicht Wort f\u00fcr Wort!<br><\/li>\n\n\n\n<li><strong>Registerfehler<\/strong>: Vermeide in formellen Situationen das <em>\u201et\u00fa\u201c<\/em>. In Spanien ist der Ton zwar meist locker, aber bei \u00e4lteren Menschen oder im Berufsleben wird oft <em>\u201eusted\u201c<\/em> als Zeichen des Respekts verwendet.<\/li>\n<\/ul>\n\n\n<div class=\"wp-block-image\">\n<figure class=\"aligncenter size-full\"><a href=\"https:\/\/espanoleschool.com\/de\/kontakt\/\" target=\"_blank\" rel=\" noreferrer noopener\"><img decoding=\"async\" width=\"800\" height=\"400\" src=\"https:\/\/espanoleschool.com\/escuela\/wp-content\/uploads\/2025\/06\/8.jpg\" alt=\"\" class=\"wp-image-60948\" srcset=\"https:\/\/espanoleschool.com\/escuela\/wp-content\/uploads\/2025\/06\/8.jpg 800w, https:\/\/espanoleschool.com\/escuela\/wp-content\/uploads\/2025\/06\/8-300x150.jpg 300w, https:\/\/espanoleschool.com\/escuela\/wp-content\/uploads\/2025\/06\/8-768x384.jpg 768w, https:\/\/espanoleschool.com\/escuela\/wp-content\/uploads\/2025\/06\/8-655x328.jpg 655w\" sizes=\"(max-width: 800px) 100vw, 800px\" \/><\/a><\/figure><\/div>\n\n\n<h3 class=\"wp-block-heading\"><strong>Aussprache und Betonung<\/strong><\/h3>\n\n\n\n<p>Die spanische Aussprache stellt je nach Herkunftssprache ganz unterschiedliche Herausforderungen dar. Besonders der <strong>gerollte &#8220;r&#8221;-Laut<\/strong> ist f\u00fcr viele Englischsprachige und asiatische Muttersprachler schwierig. Hilfreich sind Zungenbrecher wie:<br><em>\u201eEl perro de San Roque no tiene rabo porque Ram\u00f3n Ram\u00edrez se lo ha robado.\u201c<\/em><\/p>\n\n\n\n<p>Auch die Betonung f\u00fchrt h\u00e4ufig zu Fehlern. W\u00f6rter wie <em>\u201ep\u00fablico\u201c<\/em> (Substantiv) und <em>\u201epublic\u00f3\u201c<\/em> (Verb) \u00e4ndern ihre Bedeutung allein durch die Betonung. Zum Gl\u00fcck folgt die spanische Akzentsetzung klaren Regeln:<\/p>\n\n\n\n<ul class=\"wp-block-list\">\n<li>W\u00f6rter, die auf einen <strong>Vokal<\/strong>, <strong>n<\/strong> oder <strong>s<\/strong> enden, tragen <strong>einen Akzent, wenn die Betonung auf der letzten Silbe liegt<\/strong>.<br><\/li>\n\n\n\n<li>W\u00f6rter, bei denen die Betonung auf der vorletzten Silbe liegt, werden <strong>nur akzentuiert, wenn sie nicht auf Vokal, \u201en\u201c oder \u201es\u201c enden<\/strong>.<br><\/li>\n<\/ul>\n\n\n\n<p>Die spanischen Vokale sind geschlossener und klarer als in vielen anderen Sprachen. Besonders wichtig ist es, zwischen <em>\u201ee\u201c<\/em> und <em>\u201ei\u201c<\/em> zu unterscheiden \u2013 etwa in <em>\u201ebeb\u00e9\u201c<\/em> vs. <em>\u201ebeb\u00ed\u201c<\/em>, wo der Vokalwechsel unterschiedliche Zeitformen ausdr\u00fcckt.<\/p>\n\n\n\n<h2 class=\"wp-block-heading\"><strong>H\u00e4ufige Fehler je nach Muttersprache<\/strong><\/h2>\n\n\n\n<h3 class=\"wp-block-heading\"><strong>Fehler, die englische Muttersprachler machen<\/strong><\/h3>\n\n\n\n<ul class=\"wp-block-list\">\n<li><strong>Alter mit \u201eser\u201c<\/strong>: z.\u202fB. <em>\u201eSoy 25 a\u00f1os\u201c<\/em> statt <em>\u201eTengo 25 a\u00f1os\u201c<\/em>.<br><\/li>\n\n\n\n<li><strong>Falsches Genus<\/strong>: z.\u202fB. <em>\u201ela problema\u201c<\/em> statt <em>\u201eel problema\u201c<\/em>.<br><\/li>\n\n\n\n<li><strong>W\u00f6rtliche \u00dcbersetzungen von Gef\u00fchlen<\/strong>: <em>\u201eI am cold\u201c<\/em> \u2192 <em>\u201eSoy fr\u00edo\u201c<\/em> statt <em>\u201eTengo fr\u00edo\u201c<\/em>.<br><\/li>\n\n\n\n<li><strong>Fehlende Reflexivpronomen<\/strong>: <em>\u201elavo\u201c<\/em> statt <em>\u201eme lavo\u201c<\/em>.<br><\/li>\n<\/ul>\n\n\n\n<h3 class=\"wp-block-heading\"><strong>Fehler, die franz\u00f6sische Muttersprachler machen<\/strong><\/h3>\n\n\n\n<ul class=\"wp-block-list\">\n<li><strong>Alter mit \u201ehacer\u201c<\/strong>: <em>\u201eHago 30 a\u00f1os\u201c<\/em>, beeinflusst durch <em>\u201eJ\u2019ai 30 ans\u201c<\/em>, statt <em>\u201eTengo 30 a\u00f1os\u201c<\/em>.<br><\/li>\n\n\n\n<li><strong>Verwechslung von \u201eser\u201c und \u201eestar\u201c<\/strong>: <em>\u201eSoy cansado\u201c<\/em> statt <em>\u201eEstoy cansado\u201c<\/em>, da es im Franz\u00f6sischen nur <em>\u00eatre<\/em> gibt.<br><\/li>\n\n\n\n<li><strong>Unterschied zwischen \u201esaber\u201c und \u201econocer\u201c<\/strong>: z.\u202fB. <em>\u201eS\u00e9 Valencia\u201c<\/em> statt <em>\u201eConozco Valencia\u201c<\/em>.<br><\/li>\n\n\n\n<li><strong>Aussprache des \u201er\u201c<\/strong>: Der franz\u00f6sische \u201er\u201c unterscheidet sich stark vom spanischen, was zu Verwechslungen wie <em>\u201ecarro\u201c<\/em> und <em>\u201ecaro\u201c<\/em> f\u00fchrt.<br><\/li>\n<\/ul>\n\n\n\n<h3 class=\"wp-block-heading\"><strong>Fehler, die italienische Muttersprachler machen<\/strong><\/h3>\n\n\n\n<ul class=\"wp-block-list\">\n<li><strong>Verwechslung von \u201ehay\u201c und \u201eest\u00e1\u201c<\/strong>: z.\u202fB. <em>\u201eEst\u00e1 mucha gente\u201c<\/em> durch den Einfluss von <em>\u201ec\u2019\u00e8\u201c<\/em>, korrekt w\u00e4re <em>\u201eHay mucha gente\u201c<\/em>.<br><\/li>\n\n\n\n<li><strong>Artikel bei Eigennamen<\/strong>: z.\u202fB. <em>\u201ela Mar\u00eda\u201c<\/em>, <em>\u201eel Pedro\u201c<\/em>, wie im regionalen Italienisch \u00fcblich.<br><\/li>\n\n\n\n<li><strong>\u00dcberm\u00e4\u00dfiger Subjunktivgebrauch<\/strong>: <em>\u201eCreo que sea f\u00e1cil\u201c<\/em> statt <em>\u201eCreo que es f\u00e1cil\u201c<\/em>, beeinflusst durch <em>\u201ecredo che sia\u201c<\/em>.<br><\/li>\n\n\n\n<li><strong>Infinitiv statt Gerundium<\/strong>: z.\u202fB. <em>\u201eMe quedo a estudiar\u201c<\/em> statt <em>\u201eMe quedo estudiando\u201c<\/em>.<br><\/li>\n<\/ul>\n\n\n\n<h3 class=\"wp-block-heading\"><strong>Fehler, die deutsche Muttersprachler machen<\/strong><\/h3>\n\n\n\n<ul class=\"wp-block-list\">\n<li><strong>Feste Wortstellung<\/strong>: Viele sagen <em>\u201eGestern ins Kino bin ich gegangen\u201c<\/em> (<em>\u201eAyer al cine fui\u201c<\/em>) statt <em>\u201eAyer fui al cine\u201c<\/em>.<br><\/li>\n\n\n\n<li><strong>M\u00e4nnliches Genus als Standard<\/strong>: Einfluss des deutschen Drei-Genus-Systems.<br><\/li>\n\n\n\n<li><strong>Schwierigkeiten mit \u201eg\u201c\/\u201ej\u201c-Lauten<\/strong>: v.\u202fa. bei <em>\u201ege\u201c\/\u201egi\u201c<\/em> und dem spanischen \u201ej\u201c.<br><\/li>\n\n\n\n<li><strong>Verwechslung von \u201epor\u201c und \u201epara\u201c<\/strong>: Das deutsche <em>\u201ef\u00fcr\u201c<\/em> wird oft ausschlie\u00dflich mit <em>\u201epara\u201c<\/em> \u00fcbersetzt.<\/li>\n<\/ul>\n\n\n\n<h2 class=\"wp-block-heading\"><strong>Verbessere dein Spanisch in Valencia, Spanien mit Espa\u00f1ol\u00e9<\/strong><\/h2>\n\n\n\n<p><a href=\"https:\/\/espanoleschool.com\/de\/spanisch-kurse-valencia\/\">Spanisch direkt in Spanien<\/a> zu lernen bietet enorme Vorteile, um typische Fehler zu erkennen und zu korrigieren. Bei <strong>Espa\u00f1ol\u00e9<\/strong>, im Herzen der Altstadt von Valencia gelegen, findest du nicht nur hochwertigen Sprachunterricht, sondern <strong>erlebst die Sprache hautnah im Alltag<\/strong> \u2013 in einer Stadt, die spanische Kultur mit einem offenen, kosmopolitischen Flair verbindet.<\/p>\n\n\n\n<p><a href=\"https:\/\/espanoleschool.com\/de\/spanisch-kurse-valencia\/\">Unsere praxisorientierte Methodik<\/a> erm\u00f6glicht es dir, bereits ab dem ersten Tag <strong>in realen Situationen zu lernen und Fehler aktiv zu korrigieren<\/strong>. Unsere muttersprachlichen Lehrkr\u00e4fte sind darauf spezialisiert, h\u00e4ufige Fehler je nach Herkunftssprache zu erkennen und gezielt zu verbessern. So lernst du schneller und effektiver.<\/p>\n\n\n\n<p><strong>Mach aus deinen Fehlern St\u00e4rken \u2013und klinge bald wie ein Muttersprachler. Deine Sprachreise beginnt hier! <\/strong><a href=\"https:\/\/espanoleschool.com\/de\/kontakt\/\"><strong>Kontaktiere uns<\/strong><\/a><strong>.<\/strong><\/p>\n","protected":false},"excerpt":{"rendered":"<p>Wenn du dich dazu entschlossen hast, Spanisch zu lernen, hast du sicherlich schon bemerkt, dass diese Sprache ihre eigenen Herausforderungen mit sich bringt. Jeder Lernende bringt sein eigenes sprachliches Gep\u00e4ck [&hellip;]<\/p>\n","protected":false},"author":33,"featured_media":58879,"comment_status":"closed","ping_status":"open","sticky":false,"template":"","format":"standard","meta":{"content-type":"","rank_math_lock_modified_date":false,"_genesis_hide_title":false,"_genesis_hide_breadcrumbs":false,"_genesis_hide_singular_image":false,"_genesis_hide_footer_widgets":false,"_genesis_custom_body_class":"","_genesis_custom_post_class":"","_genesis_layout":"","_price":"","_stock":"","_tribe_ticket_header":"","_tribe_default_ticket_provider":"","_tribe_ticket_capacity":"0","_ticket_start_date":"","_ticket_end_date":"","_tribe_ticket_show_description":"","_tribe_ticket_show_not_going":false,"_tribe_ticket_use_global_stock":"","_tribe_ticket_global_stock_level":"","_global_stock_mode":"","_global_stock_cap":"","_tribe_rsvp_for_event":"","_tribe_ticket_going_count":"","_tribe_ticket_not_going_count":"","_tribe_tickets_list":[],"_tribe_ticket_has_attendee_info_fields":false,"footnotes":""},"categories":[468],"tags":[],"class_list":["post-58946","post","type-post","status-publish","format-standard","has-post-thumbnail","category-spanisch-lernen","entry"],"_links":{"self":[{"href":"https:\/\/espanoleschool.com\/de\/wp-json\/wp\/v2\/posts\/58946","targetHints":{"allow":["GET"]}}],"collection":[{"href":"https:\/\/espanoleschool.com\/de\/wp-json\/wp\/v2\/posts"}],"about":[{"href":"https:\/\/espanoleschool.com\/de\/wp-json\/wp\/v2\/types\/post"}],"author":[{"embeddable":true,"href":"https:\/\/espanoleschool.com\/de\/wp-json\/wp\/v2\/users\/33"}],"replies":[{"embeddable":true,"href":"https:\/\/espanoleschool.com\/de\/wp-json\/wp\/v2\/comments?post=58946"}],"version-history":[{"count":5,"href":"https:\/\/espanoleschool.com\/de\/wp-json\/wp\/v2\/posts\/58946\/revisions"}],"predecessor-version":[{"id":60956,"href":"https:\/\/espanoleschool.com\/de\/wp-json\/wp\/v2\/posts\/58946\/revisions\/60956"}],"wp:featuredmedia":[{"embeddable":true,"href":"https:\/\/espanoleschool.com\/de\/wp-json\/wp\/v2\/media\/58879"}],"wp:attachment":[{"href":"https:\/\/espanoleschool.com\/de\/wp-json\/wp\/v2\/media?parent=58946"}],"wp:term":[{"taxonomy":"category","embeddable":true,"href":"https:\/\/espanoleschool.com\/de\/wp-json\/wp\/v2\/categories?post=58946"},{"taxonomy":"post_tag","embeddable":true,"href":"https:\/\/espanoleschool.com\/de\/wp-json\/wp\/v2\/tags?post=58946"}],"curies":[{"name":"wp","href":"https:\/\/api.w.org\/{rel}","templated":true}]}}