{"id":46080,"date":"2023-06-19T08:59:52","date_gmt":"2023-06-19T06:59:52","guid":{"rendered":"https:\/\/espanoleschool.com\/top-spanish-festivals\/"},"modified":"2025-12-18T11:07:12","modified_gmt":"2025-12-18T10:07:12","slug":"feste-spanien","status":"publish","type":"post","link":"https:\/\/espanoleschool.com\/de\/feste-spanien\/","title":{"rendered":"Spanische Feste, die man nicht verpassen sollte"},"content":{"rendered":"\n<p>Wir Spanier sind Liebhaber von Volksfesten: Wir kommen gerne mit Freunden und Familie zusammen, um uns zu am\u00fcsieren, die Stra\u00dfen mit Freude und Leidenschaft zu f\u00fcllen und unsere Br\u00e4uche und Traditionen zu pflegen, und das ist von gro\u00dfem Interesse f\u00fcr <strong>ausl\u00e4ndische Studenten, die uns besuchen, um Spanisch zu lernen<\/strong>.<\/p>\n\n\n\n<p>T\u00e4nze und regionale Trachten, Konzerte, B\u00f6llersch\u00fcsse, Attraktionen, Messen&#8230; Einige der wichtigsten Feste in Spanien sind international anerkannt und ber\u00fchmt und ziehen jedes Jahr Hunderte von Touristen an.&nbsp;<\/p>\n\n\n\n<p>Wenn Sie erw\u00e4gen, <a href=\"https:\/\/espanoleschool.com\/de\/spanisch-kurse-valencia\/\"><strong>einen Spanischkurs in Valencia zu machen<\/strong><\/a> und zumindest einmal in Ihrem Leben einige der originellsten spanischen Feste erleben m\u00f6chten, empfehlen wir Ihnen, diese Feste in Ihrem Terminkalender vorzumerken.<\/p>\n\n\n\n<h2 class=\"wp-block-heading\"><strong>Kalender der originellsten Feste in Spanien<\/strong><\/h2>\n\n\n\n<p>In Spanien gibt es das ganze Jahr \u00fcber beliebte Feste und Feiern.<\/p>\n\n\n\n<p>Von den Umz\u00fcgen der Heiligen Drei K\u00f6nige im Januar bis zu Weihnachten im Dezember, einschlie\u00dflich Karneval (Februar), Fallas (M\u00e4rz), Osterwoche (M\u00e4rz-April), Wallfahrten im Mai, Fronleichnam und San Juan (Juni), Sanfermines (Juli), Volksfeste im August und September und Allerheiligen (November).<\/p>\n\n\n\n<h2 class=\"wp-block-heading\"><strong>Spanische Feste, \u00fcber die Sie Bescheid wissen sollten<\/strong><\/h2>\n\n\n\n<p>Hier sind einige der originellsten und auffallendsten Dinge, die man w\u00e4hrend eines <a href=\"https:\/\/espanoleschool.com\/de\/studieren-in-spain\/\"><strong>Studiums in Spanien<\/strong><\/a> sehen kann.<\/p>\n\n\n\n<h3 class=\"wp-block-heading\"><strong>Tomatina de Bu\u00f1ol<\/strong><\/h3>\n\n\n\n<p>La <strong>Tomatina<\/strong> findet am letzten Mittwoch im August in der Stadt Bu\u00f1ol statt, die im Inneren der Provinz Valencia liegt, etwa 40 Minuten von der Hauptstadt entfernt.&nbsp;<\/p>\n\n\n\n<p>Dieses <strong>kuriose Fest ist in der ganzen Welt bekannt <\/strong>(es wurde zum Fest von internationalem touristischem Interesse erkl\u00e4rt) und sein wichtigstes Ereignis ist eine &#8220;Schlacht&#8221;, bei der sich Hunderte von Menschen auf dem Stadtplatz und den umliegenden Stra\u00dfen mit Tomaten bewerfen (daher der Name).&nbsp;<\/p>\n\n\n\n<p>Heutzutage ist der Zugang zu La Tomatina beschr\u00e4nkt, und man ben\u00f6tigt eine Eintrittskarte, um daran teilzunehmen.<\/p>\n\n\n\n<h3 class=\"wp-block-heading\"><strong>Feria de Abril<\/strong><\/h3>\n\n\n\n<p>Die <strong>Feria de Abril hat ihren Ursprung in einem Viehmarkt,<\/strong> der im Prado de San Sebasti\u00e1n in Sevilla veranstaltet wurde, um die Ankunft des Fr\u00fchlings zu feiern.&nbsp;<\/p>\n\n\n\n<p>Im Laufe der Zeit wandelte sich das kommerzielle Interesse zu einem gesellschaftlichen Ereignis, bei dem Spa\u00df, Essen, Trinken und Musik im Mittelpunkt stehen.&nbsp;&nbsp;<\/p>\n\n\n\n<p>Heute beherbergt die <strong>Feria de Abril in Sevilla <\/strong>mehr als 1000 &#8220;casetas&#8221;, in denen alle m\u00f6glichen Leute, viele von ihnen in regionalen Sevillana-Kost\u00fcmen, tanzen, &#8220;pesca\u00edtos fritos&#8221; (frittierten Fisch) essen und &#8220;rebujito&#8221; trinken.<\/p>\n\n\n\n<p>Die Feria de Abril wurde als Fest von internationalem touristischem Interesse anerkannt und ist dank ihres &#8220;Flamenco&#8221;-Flairs eines der bekanntesten<strong> Feste Spaniens<\/strong>.<\/p>\n\n\n\n<h3 class=\"wp-block-heading\"><strong>Fallas de Valencia&nbsp;<\/strong><\/h3>\n\n\n\n<p>In einer Rangliste der<strong> spanischen Feste d\u00fcrfen die Fallas de Valencia<\/strong>, das bedeutendste und identit\u00e4tsstiftende Ereignis unserer Stadt, nicht fehlen.&nbsp;<\/p>\n\n\n\n<p>Diese Feierlichkeiten zu Ehren des Heiligen Josef haben ihren Ursprung in den Feierlichkeiten der Zimmermannszunft der Stadt und sind nach und nach zu einem Ereignis geworden, bei dem Kunst und Tradition zusammenkommen.<\/p>\n\n\n\n<p>Die <strong>Protagonisten der Fallas in Valencia sind die Fallas-Denkm\u00e4ler<\/strong>, gro\u00dfe satirische Konstruktionen, die vom 16. bis 19. M\u00e4rz die Stra\u00dfen mit Licht und Farbe erf\u00fcllen.&nbsp;<\/p>\n\n\n\n<p>Auch Musik und Schie\u00dfpulver spielen bei diesem Volksfest eine wichtige Rolle, denn es gibt Feuerwerke, die ber\u00fchmten Masclet\u00e1s (Feuerwerksk\u00f6rper) und Tanz- und Musikkapellen unter freiem Himmel, die in allen Ecken der Stadt zu finden sind.&nbsp;<\/p>\n\n\n\n<p>Die Nit del Foc (Nacht des Feuers), das Blumenopfer f\u00fcr die Jungfrau und die Umz\u00fcge mit den<strong> Falleros und Falleras<\/strong> in regionalen Kost\u00fcmen sind weitere beliebte Veranstaltungen dieses Festes, das den Titel Festival von internationalem touristischem Interesse tr\u00e4gt.<\/p>\n\n\n\n<p>Entdecken Sie <strong><a href=\"https:\/\/espanoleschool.com\/de\/valencia-ausfluge\/\">Tagesausfl\u00fcge nach Valencia<\/a><\/strong>.<\/p>\n\n\n<div class=\"wp-block-image\">\n<figure class=\"aligncenter size-full\"><img decoding=\"async\" width=\"825\" height=\"550\" src=\"https:\/\/espanoleschool.com\/escuela\/wp-content\/uploads\/2023\/06\/fallas-feste-spanien.jpg\" alt=\"fallas feste in spanien\" class=\"wp-image-46002\" srcset=\"https:\/\/espanoleschool.com\/escuela\/wp-content\/uploads\/2023\/06\/fallas-feste-spanien.jpg 825w, https:\/\/espanoleschool.com\/escuela\/wp-content\/uploads\/2023\/06\/fallas-feste-spanien-300x200.jpg 300w, https:\/\/espanoleschool.com\/escuela\/wp-content\/uploads\/2023\/06\/fallas-feste-spanien-768x512.jpg 768w\" sizes=\"(max-width: 825px) 100vw, 825px\" \/><\/figure><\/div>\n\n\n<h3 class=\"wp-block-heading\"><strong>Moros y Cristianos<\/strong><\/h3>\n\n\n\n<p>Die <strong>Feste der Moros y Cristianos<\/strong> sind in der gesamten Comunidad Valenciana sehr beliebt. Vor allem in der Provinz Alicante, insbesondere in Orten wie Alcoy oder Banyeres de Mariola und in der Stadt Alicante.&nbsp;<\/p>\n\n\n\n<p>Dieses Fest erinnert an die &#8220;R\u00fcckeroberung&#8221; und die R\u00fcckgewinnung der im Mittelalter von den Muslimen eroberten Gebiete durch die Christen und hat eine wichtige historische und kulturelle Komponente.&nbsp;<\/p>\n\n\n\n<p><strong>Heutzutage ist das Fest der Moros y Cristianos vor allem wegen der theatralischen Darbietung der Comparsas oder Filaes bekannt<\/strong>, deren Mitglieder in historischen Kost\u00fcmen auf ihren verschiedenen Festwagen im Rhythmus von Pasodobles, maurischen und christlichen M\u00e4rschen umherziehen.<\/p>\n\n\n\n<p>Ein sehr attraktives Fest, das Sie bei einem Besuch in Spanien nicht verpassen sollten.<\/p>\n\n\n\n<h3 class=\"wp-block-heading\"><strong>Semana Santa&nbsp;<\/strong><\/h3>\n\n\n\n<p>Die Semana Santa ist eines der wichtigsten spanischen Feste, und ihre religi\u00f6sen und volkst\u00fcmlichen Veranstaltungen finden im ganzen Land statt.<\/p>\n\n\n\n<p><strong>Die Semana Santa wird in den Monaten M\u00e4rz und April gefeiert, und viele Menschen nehmen daran teil.&nbsp;<\/strong><\/p>\n\n\n\n<p>Eines der bekanntesten<strong> Feste ist die Osterwoche in Andalusien, vor allem in Sevilla, M\u00e1laga und Granada<\/strong>.&nbsp;<\/p>\n\n\n\n<p>In Kastilien und Le\u00f3n finden einige der feierlichsten Prozessionen statt, ber\u00fchmt sind die Prozessionen von Le\u00f3n, Zamora, Valladolid oder die Semana Santa.&nbsp;<\/p>\n\n\n\n<p>Auch in der Region Murcia ist die Semana Santa sehr wichtig, weshalb die Prozessionen in Murcia, Cartagena und Lorca jedes Jahr Tausende von Menschen anziehen.<\/p>\n\n\n\n<p>Ein weiterer Ort in Spanien, an dem die Semana Santa besonders wichtig ist, ist Niederaragonien in der Provinz Teruel, wo die ber\u00fchmten &#8220;Tamborradas&#8221; von Calanda, Alca\u00f1iz und H\u00edjar abgehalten werden.&nbsp;<\/p>\n\n\n\n<p>Und nat\u00fcrlich darf man die <strong>Semana Santa Marinera in Valencia <\/strong>nicht vergessen, die in den maritimen Vierteln unserer Stadt (El Grao, Canbanyal und Malvarrosa) stattfindet.&nbsp;<\/p>\n\n\n\n<h3 class=\"wp-block-heading\"><strong>San Juan<\/strong><\/h3>\n\n\n\n<p><strong>Das San Juan wird am 24. Juni <\/strong>gefeiert und f\u00e4llt mit der Sommersonnenwende zusammen.<\/p>\n\n\n\n<p>Es handelt sich um ein Fest heidnischen Ursprungs, das in den Kalender der religi\u00f6sen Feste in Spanien aufgenommen wurde und dessen Hauptdarsteller das Feuer ist.&nbsp;<\/p>\n\n\n\n<p><strong>Die Feierlichkeiten zu San Juan finden im ganzen Land statt und sind besonders in den K\u00fcstenregionen beliebt, wo in der Nacht vom 23. auf den 24. Juni <\/strong>traditionell Lagerfeuer am Strand errichtet werden.<\/p>\n\n\n\n<p>Aber auch im Landesinneren wird das Fest gefeiert, z. B. in Soria, wo in den Stra\u00dfen Freudenfeuer entz\u00fcndet werden, um der &#8220;k\u00fcrzesten Nacht des Jahres&#8221; zu gedenken.<\/p>\n\n\n\n<p>Obwohl viele valencianische Gemeinden, einschlie\u00dflich Valencia, diese Nacht feiern, ist sie in Alicante, wo die &#8220;Hogueras de San Juan&#8221; stattfinden, am wichtigsten.<\/p>\n\n\n\n<p>Bei diesen Feierlichkeiten, die zum internationalen touristischen und immateriellen Kulturgut erkl\u00e4rt wurden, werden in den Stra\u00dfen \u00e4hnliche Denkm\u00e4ler wie die Fallas aufgestellt, und wie bei den Fallas ist jeder Winkel der Stadt von Licht, Farben, dem L\u00e4rm von Feuerwerksk\u00f6rpern und vor allem von einer festlichen Atmosph\u00e4re erf\u00fcllt.<\/p>\n\n\n<div class=\"wp-block-image\">\n<figure class=\"aligncenter size-full\"><img decoding=\"async\" width=\"825\" height=\"550\" src=\"https:\/\/espanoleschool.com\/escuela\/wp-content\/uploads\/2023\/06\/spanish-festivals-1.jpg\" alt=\"feste in spanien\" class=\"wp-image-48214\" srcset=\"https:\/\/espanoleschool.com\/escuela\/wp-content\/uploads\/2023\/06\/spanish-festivals-1.jpg 825w, https:\/\/espanoleschool.com\/escuela\/wp-content\/uploads\/2023\/06\/spanish-festivals-1-300x200.jpg 300w, https:\/\/espanoleschool.com\/escuela\/wp-content\/uploads\/2023\/06\/spanish-festivals-1-768x512.jpg 768w, https:\/\/espanoleschool.com\/escuela\/wp-content\/uploads\/2023\/06\/spanish-festivals-1-655x437.jpg 655w\" sizes=\"(max-width: 825px) 100vw, 825px\" \/><\/figure><\/div>\n\n\n<h2 class=\"wp-block-heading\"><strong>Genie\u00dfen Sie die wichtigsten Feste in Spanien, w\u00e4hrend Sie in Valencia Spanisch lernen<\/strong><\/h2>\n\n\n\n<p>Bei Espanol\u00e9 finden Sie die <strong>besten <\/strong><a href=\"https:\/\/espanoleschool.com\/de\/intensiv-spanischkurse\/\"><strong>Intensivkurse f\u00fcr Spanisch in Valencia<\/strong><\/a>.&nbsp;<\/p>\n\n\n\n<p>In unserer Schule bem\u00fchen wir uns um ein 360\u00ba sprachliches und kulturelles Eintauchen f\u00fcr unsere Studenten, die w\u00e4hrend ihres Aufenthalts in unserer <a href=\"https:\/\/espanoleschool.com\/de\/unterkunft-valencia\/\"><strong>Unterkunft in Valencia<\/strong><\/a> die wichtigsten Feierlichkeiten der Stadt genie\u00dfen k\u00f6nnen.&nbsp;<\/p>\n\n\n\n<p>Dar\u00fcber hinaus ist<strong> Valencia eine der St\u00e4dte mit der besten Kommunikation in Spanien<\/strong> und Sie k\u00f6nnen in andere Teile des Landes reisen, um die Traditionen und Volksfeste zu genie\u00dfen.<\/p>\n","protected":false},"excerpt":{"rendered":"<p>Wir Spanier sind Liebhaber von Volksfesten: Wir kommen gerne mit Freunden und Familie zusammen, um uns zu am\u00fcsieren, die Stra\u00dfen mit Freude und Leidenschaft zu f\u00fcllen und unsere Br\u00e4uche und [&hellip;]<\/p>\n","protected":false},"author":18,"featured_media":46042,"comment_status":"closed","ping_status":"closed","sticky":false,"template":"","format":"standard","meta":{"content-type":"","rank_math_lock_modified_date":false,"_genesis_hide_title":false,"_genesis_hide_breadcrumbs":false,"_genesis_hide_singular_image":false,"_genesis_hide_footer_widgets":false,"_genesis_custom_body_class":"","_genesis_custom_post_class":"","_genesis_layout":"","_price":"","_stock":"","_tribe_ticket_header":"","_tribe_default_ticket_provider":"","_tribe_ticket_capacity":"0","_ticket_start_date":"","_ticket_end_date":"","_tribe_ticket_show_description":"","_tribe_ticket_show_not_going":false,"_tribe_ticket_use_global_stock":"","_tribe_ticket_global_stock_level":"","_global_stock_mode":"","_global_stock_cap":"","_tribe_rsvp_for_event":"","_tribe_ticket_going_count":"","_tribe_ticket_not_going_count":"","_tribe_tickets_list":[],"_tribe_ticket_has_attendee_info_fields":false,"footnotes":""},"categories":[470],"tags":[],"class_list":["post-46080","post","type-post","status-publish","format-standard","has-post-thumbnail","category-kultur-und-gastronomie","entry"],"_links":{"self":[{"href":"https:\/\/espanoleschool.com\/de\/wp-json\/wp\/v2\/posts\/46080","targetHints":{"allow":["GET"]}}],"collection":[{"href":"https:\/\/espanoleschool.com\/de\/wp-json\/wp\/v2\/posts"}],"about":[{"href":"https:\/\/espanoleschool.com\/de\/wp-json\/wp\/v2\/types\/post"}],"author":[{"embeddable":true,"href":"https:\/\/espanoleschool.com\/de\/wp-json\/wp\/v2\/users\/18"}],"replies":[{"embeddable":true,"href":"https:\/\/espanoleschool.com\/de\/wp-json\/wp\/v2\/comments?post=46080"}],"version-history":[{"count":6,"href":"https:\/\/espanoleschool.com\/de\/wp-json\/wp\/v2\/posts\/46080\/revisions"}],"predecessor-version":[{"id":53196,"href":"https:\/\/espanoleschool.com\/de\/wp-json\/wp\/v2\/posts\/46080\/revisions\/53196"}],"wp:featuredmedia":[{"embeddable":true,"href":"https:\/\/espanoleschool.com\/de\/wp-json\/wp\/v2\/media\/46042"}],"wp:attachment":[{"href":"https:\/\/espanoleschool.com\/de\/wp-json\/wp\/v2\/media?parent=46080"}],"wp:term":[{"taxonomy":"category","embeddable":true,"href":"https:\/\/espanoleschool.com\/de\/wp-json\/wp\/v2\/categories?post=46080"},{"taxonomy":"post_tag","embeddable":true,"href":"https:\/\/espanoleschool.com\/de\/wp-json\/wp\/v2\/tags?post=46080"}],"curies":[{"name":"wp","href":"https:\/\/api.w.org\/{rel}","templated":true}]}}